{"id":99641,"date":"2023-05-08T13:21:02","date_gmt":"2023-05-08T11:21:02","guid":{"rendered":"https:\/\/www.burgosdeporte.com\/?p=99641"},"modified":"2023-05-08T13:21:02","modified_gmt":"2023-05-08T11:21:02","slug":"positiva-participacion-de-david-martinez-herrero-en-la-convocatoria-de-la-rfeg","status":"publish","type":"post","link":"https:\/\/www.burgosdeporte.com\/?p=99641","title":{"rendered":"Positiva participaci\u00f3n de David Mart\u00ednez Herrero en la convocatoria de la RFEG"},"content":{"rendered":"<div class=\"wp-block-image\">\n<figure class=\"aligncenter size-full\"><a href=\"http:\/\/suministrosviper.com\/\" target=\"_blank\" rel=\"noreferrer noopener\"><img decoding=\"async\" src=\"https:\/\/www.burgosdeporte.com\/wp-content\/uploads\/2019\/12\/Viper2019.gif\" alt=\"\" class=\"wp-image-32907\"\/><\/a><\/figure>\n<\/div>\n\n\n<p>El Real Grupo Cultural Covadonga de Gij\u00f3n de Gij\u00f3n ha acogido la actividad de Tecnificaci\u00f3n Prej\u00fanior de gimnasia art\u00edstica masculina de la Real Federaci\u00f3n Espa\u00f1ola de Gimnasia (RFEG), que ha contado con la participaci\u00f3n del joven burgal\u00e9s David Mart\u00ednez Herrero.<\/p>\n\n\n\n<p>Un total de 21 gimnastas y 14 entrenadores de siete comunidades aut\u00f3nomas se han reunido con el objetivo de establecer las gu\u00edas t\u00e9cnicas para formar parte en el futuro del Plan de Preparaci\u00f3n J\u00fanior del equipo espa\u00f1ol.<\/p>\n\n\n\n<p>Estas jornadas de tecnificaci\u00f3n est\u00e1n creadas para gimnastas con proyecci\u00f3n a su futura incorporaci\u00f3n a los planes de preparaci\u00f3n de los equipos nacionales de gimnasia art\u00edstica masculina.<\/p>\n\n\n\n<p>El objetivo es el de realizar actividades de preparaci\u00f3n y seguimiento junto con sus entrenadores y los t\u00e9cnicos de los centros de preparaci\u00f3n de alto nivel.<\/p>\n\n\n\n<p>El gimnasta burgal\u00e9s David Mart\u00ednez Herrero fue convocado para acudir junto a su entrenador Xabier Larrimbe del club Arabatxo.<\/p>\n\n\n\n<p>Ha sido una experiencia enriquecedora y gratificante junto al seleccionador nacional Benjam\u00edn Bango y su equipo t\u00e9cnico en un entorno excepcional gracias a la organizaci\u00f3n del RGCCovadonga.<\/p>\n\n\n<div class=\"wp-block-image\">\n<figure class=\"aligncenter size-full\"><a href=\"http:\/\/suministrosviper.com\/\" target=\"_blank\" rel=\"noreferrer noopener\"><img decoding=\"async\" src=\"https:\/\/www.burgosdeporte.com\/wp-content\/uploads\/2019\/12\/Viper2019.gif\" alt=\"\" class=\"wp-image-32907\"\/><\/a><\/figure>\n<\/div>","protected":false},"excerpt":{"rendered":"<p>El Real Grupo Cultural Covadonga de Gij\u00f3n de Gij\u00f3n ha acogido la actividad de Tecnificaci\u00f3n Prej\u00fanior de gimnasia art\u00edstica masculina de la Real Federaci\u00f3n Espa\u00f1ola de Gimnasia (RFEG), que ha contado con la participaci\u00f3n del joven burgal\u00e9s David Mart\u00ednez Herrero. Un total de 21 gimnastas y 14 entrenadores de siete comunidades aut\u00f3nomas se han reunido [&hellip;]<\/p>\n","protected":false},"author":10,"featured_media":99642,"comment_status":"closed","ping_status":"closed","sticky":false,"template":"","format":"standard","meta":{"_monsterinsights_skip_tracking":false,"_monsterinsights_sitenote_active":false,"_monsterinsights_sitenote_note":"","_monsterinsights_sitenote_category":0,"footnotes":""},"categories":[191,15,8],"tags":[430,192],"class_list":{"0":"post-99641","1":"post","2":"type-post","3":"status-publish","4":"format-standard","5":"has-post-thumbnail","7":"category-gimnasia","8":"category-otros","9":"category-tipo-noticia","10":"tag-davidmartinezherrero","11":"tag-gimnasia"},"views":11,"_links":{"self":[{"href":"https:\/\/www.burgosdeporte.com\/index.php?rest_route=\/wp\/v2\/posts\/99641","targetHints":{"allow":["GET"]}}],"collection":[{"href":"https:\/\/www.burgosdeporte.com\/index.php?rest_route=\/wp\/v2\/posts"}],"about":[{"href":"https:\/\/www.burgosdeporte.com\/index.php?rest_route=\/wp\/v2\/types\/post"}],"author":[{"embeddable":true,"href":"https:\/\/www.burgosdeporte.com\/index.php?rest_route=\/wp\/v2\/users\/10"}],"replies":[{"embeddable":true,"href":"https:\/\/www.burgosdeporte.com\/index.php?rest_route=%2Fwp%2Fv2%2Fcomments&post=99641"}],"version-history":[{"count":0,"href":"https:\/\/www.burgosdeporte.com\/index.php?rest_route=\/wp\/v2\/posts\/99641\/revisions"}],"wp:featuredmedia":[{"embeddable":true,"href":"https:\/\/www.burgosdeporte.com\/index.php?rest_route=\/"}],"wp:attachment":[{"href":"https:\/\/www.burgosdeporte.com\/index.php?rest_route=%2Fwp%2Fv2%2Fmedia&parent=99641"}],"wp:term":[{"taxonomy":"category","embeddable":true,"href":"https:\/\/www.burgosdeporte.com\/index.php?rest_route=%2Fwp%2Fv2%2Fcategories&post=99641"},{"taxonomy":"post_tag","embeddable":true,"href":"https:\/\/www.burgosdeporte.com\/index.php?rest_route=%2Fwp%2Fv2%2Ftags&post=99641"}],"curies":[{"name":"wp","href":"https:\/\/api.w.org\/{rel}","templated":true}]}}