{"id":98433,"date":"2023-04-18T16:59:30","date_gmt":"2023-04-18T14:59:30","guid":{"rendered":"https:\/\/www.burgosdeporte.com\/?p=98433"},"modified":"2023-04-18T16:59:30","modified_gmt":"2023-04-18T14:59:30","slug":"el-club-gimnasia-burgos-presente-en-la-primera-fase-de-la-liga-autonomica","status":"publish","type":"post","link":"https:\/\/www.burgosdeporte.com\/?p=98433","title":{"rendered":"El Club Gimnasia Burgos, presente en la primera fase de la liga auton\u00f3mica"},"content":{"rendered":"<div class=\"wp-block-image\">\n<figure class=\"aligncenter size-full\"><a href=\"https:\/\/castillafloristeria.com\/\" target=\"_blank\" rel=\"noreferrer noopener\"><img decoding=\"async\" src=\"https:\/\/www.burgosdeporte.com\/wp-content\/uploads\/2020\/02\/FCastilla_2020.gif\" alt=\"\" class=\"wp-image-37529\"\/><\/a><\/figure>\n<\/div>\n\n\n<p>Tres podios y un total de 13 gimnastas del Club Gimnasia Burgos clasificadas a la Fase Final de la Liga auton\u00f3mica de gimnasia r\u00edtmica 2023, tras haber participado en las primeras fases de la Liga conjuntos base, individual absoluto e individual base.<\/p>\n\n\n\n<p>La competici\u00f3n se abri\u00f3 con la modalidad de conjuntos base. El primer conjunto del CGB en competir fue el conjunto juvenil formado por Carla Media, Paula D\u00edaz, Silvia Garc\u00eda, Alicia Moya y Roc\u00edo Vitores con un ejercicio de 3 pelotas y 2 cintas, con el que consiguieron la tercera plaza y la clasificaci\u00f3n a la Fase Final.<\/p>\n\n\n\n<figure class=\"wp-block-image size-full\"><img decoding=\"async\" src=\"https:\/\/www.burgosdeporte.com\/wp-content\/uploads\/2023\/04\/Conjunto-juvenil-Club-Gimnasia-Burgos-CGB.jpg\" alt=\"\" class=\"wp-image-98434\"\/><\/figure>\n\n\n\n<p>Les sigui\u00f3 el conjunto Infantil de 5 aros formado por In\u00e9s Portol\u00e9s, Noa Cuesta, Marina de R\u00edo, Laura G\u00fcemes y Paula Mart\u00ednez, un equipo que debuta este a\u00f1o en categor\u00eda base y que consigui\u00f3 alzarse con la medalla de plata.<\/p>\n\n\n\n<p>La ma\u00f1ana continu\u00f3 con la Fase individual absoluto en la que participaron 6 gimnastas del club. En la categor\u00eda infantil Irene Mi\u00f1\u00f3n compiti\u00f3 con los ejercicios de aro y pelota, destacando su oro en el ejercicio de aro y con el que consigui\u00f3 clasificarse.<\/p>\n\n\n\n<p>En la categor\u00eda j\u00fanior compitieron Paola Sadornil, Andrea M\u00e1rquez, Jara Molinero, Eva Velasco y Ariadne Rojo. Paola Sadornil compiti\u00f3 con la cinta y la pelota, Andrea Marquez con cuerda y cinta, Jara Molinero con aro y cinta, Eva Velasco con cuerda y pelota, y Ariadne Rojo con cuerda y pelota. Las seis realizaron un gran trabajo en la competici\u00f3n, destacando el ejercicio de pelota de Eva Velasco con el que qued\u00f3 en la cuarta posici\u00f3n y consigui\u00f3 clasificarse a la Fase Final.<\/p>\n\n\n\n<p>Por la tarde fue el turno de las gimnastas individuales de Base que compitieron en la Fase inicial individual base. Las cuatro gimnastas participantes fueron Laura G\u00fcemes en categor\u00eda alev\u00edn con mazas, Noa Reguero en categor\u00eda infantil con cinta, Alicia Moya en categor\u00eda cadete con pelota y Luc\u00eda Benito, al igual que Alicia, en categor\u00eda cadete con pelota.<\/p>\n\n\n\n<p>Todas realizaron una gran competici\u00f3n, logrando clasificarse a la Fase Final Luc\u00eda Benito con un bonito ejercicio de pelota. La Fase Final de todas las ligas se celebrar\u00e1 el 17 de junio en \u00c1vila.<\/p>\n\n\n<div class=\"wp-block-image\">\n<figure class=\"aligncenter size-full\"><a href=\"https:\/\/castillafloristeria.com\/\" target=\"_blank\" rel=\"noreferrer noopener\"><img decoding=\"async\" src=\"https:\/\/www.burgosdeporte.com\/wp-content\/uploads\/2020\/02\/FCastilla_2020.gif\" alt=\"\" class=\"wp-image-37529\"\/><\/a><\/figure>\n<\/div>","protected":false},"excerpt":{"rendered":"<p>Tres podios y un total de 13 gimnastas del Club Gimnasia Burgos clasificadas a la Fase Final de la Liga auton\u00f3mica de gimnasia r\u00edtmica 2023, tras haber participado en las primeras fases de la Liga conjuntos base, individual absoluto e individual base. La competici\u00f3n se abri\u00f3 con la modalidad de conjuntos base. El primer conjunto [&hellip;]<\/p>\n","protected":false},"author":10,"featured_media":98435,"comment_status":"closed","ping_status":"closed","sticky":false,"template":"","format":"standard","meta":{"_monsterinsights_skip_tracking":false,"_monsterinsights_sitenote_active":false,"_monsterinsights_sitenote_note":"","_monsterinsights_sitenote_category":0,"footnotes":""},"categories":[191,15,8],"tags":[278,192],"class_list":{"0":"post-98433","1":"post","2":"type-post","3":"status-publish","4":"format-standard","5":"has-post-thumbnail","7":"category-gimnasia","8":"category-otros","9":"category-tipo-noticia","10":"tag-clubgimnasiaburgos","11":"tag-gimnasia"},"views":12,"_links":{"self":[{"href":"https:\/\/www.burgosdeporte.com\/index.php?rest_route=\/wp\/v2\/posts\/98433","targetHints":{"allow":["GET"]}}],"collection":[{"href":"https:\/\/www.burgosdeporte.com\/index.php?rest_route=\/wp\/v2\/posts"}],"about":[{"href":"https:\/\/www.burgosdeporte.com\/index.php?rest_route=\/wp\/v2\/types\/post"}],"author":[{"embeddable":true,"href":"https:\/\/www.burgosdeporte.com\/index.php?rest_route=\/wp\/v2\/users\/10"}],"replies":[{"embeddable":true,"href":"https:\/\/www.burgosdeporte.com\/index.php?rest_route=%2Fwp%2Fv2%2Fcomments&post=98433"}],"version-history":[{"count":0,"href":"https:\/\/www.burgosdeporte.com\/index.php?rest_route=\/wp\/v2\/posts\/98433\/revisions"}],"wp:featuredmedia":[{"embeddable":true,"href":"https:\/\/www.burgosdeporte.com\/index.php?rest_route=\/"}],"wp:attachment":[{"href":"https:\/\/www.burgosdeporte.com\/index.php?rest_route=%2Fwp%2Fv2%2Fmedia&parent=98433"}],"wp:term":[{"taxonomy":"category","embeddable":true,"href":"https:\/\/www.burgosdeporte.com\/index.php?rest_route=%2Fwp%2Fv2%2Fcategories&post=98433"},{"taxonomy":"post_tag","embeddable":true,"href":"https:\/\/www.burgosdeporte.com\/index.php?rest_route=%2Fwp%2Fv2%2Ftags&post=98433"}],"curies":[{"name":"wp","href":"https:\/\/api.w.org\/{rel}","templated":true}]}}