{"id":97496,"date":"2023-03-31T18:40:23","date_gmt":"2023-03-31T16:40:23","guid":{"rendered":"https:\/\/www.burgosdeporte.com\/?p=97496"},"modified":"2023-03-31T18:40:23","modified_gmt":"2023-03-31T16:40:23","slug":"david-martinez-herrero-convocado-por-la-federacion-espanola-de-gimnasia","status":"publish","type":"post","link":"https:\/\/www.burgosdeporte.com\/?p=97496","title":{"rendered":"David Mart\u00ednez Herrero, convocado por la Federaci\u00f3n Espa\u00f1ola de Gimnasia"},"content":{"rendered":"<div class=\"wp-block-image\">\n<figure class=\"aligncenter size-full\"><a href=\"https:\/\/castillafloristeria.com\/\" target=\"_blank\" rel=\"noreferrer noopener\"><img decoding=\"async\" src=\"https:\/\/www.burgosdeporte.com\/wp-content\/uploads\/2020\/02\/FCastilla_2020.gif\" alt=\"\" class=\"wp-image-37529\"\/><\/a><\/figure>\n<\/div>\n\n\n<p>El gimnasta burgal\u00e9s David Mart\u00ednez Herrero ha sido convocado por la Real Federaci\u00f3n Espa\u00f1ola de Gimnasia para una concentraci\u00f3n prej\u00fanior del 3 al 6 de mayo que se celebrar\u00e1 en el Real Grupo de Cultura Covadonga (Gij\u00f3n).<\/p>\n\n\n\n<p>Estas jornadas de tecnificaci\u00f3n est\u00e1n creadas para gimnastas con proyecci\u00f3n a su futura incorporaci\u00f3n a los planes de preparaci\u00f3n de los equipos nacionales de gimnasia art\u00edstica masculina.<\/p>\n\n\n\n<p>El objetivo es el de realizar actividades de preparaci\u00f3n y seguimiento junto con sus entrenadores y los t\u00e9cnicos de los centros de preparaci\u00f3n de alto nivel. David Mart\u00ednez acudir\u00e1 junto a su entrenador Xabier Larrimbe, en lo que ser\u00e1 otro paso importante en su carrera deportiva.<\/p>\n\n\n<div class=\"wp-block-image\">\n<figure class=\"aligncenter size-full\"><a href=\"https:\/\/castillafloristeria.com\/\" target=\"_blank\" rel=\"noreferrer noopener\"><img decoding=\"async\" src=\"https:\/\/www.burgosdeporte.com\/wp-content\/uploads\/2020\/02\/FCastilla_2020.gif\" alt=\"\" class=\"wp-image-37529\"\/><\/a><\/figure>\n<\/div>","protected":false},"excerpt":{"rendered":"<p>El gimnasta burgal\u00e9s David Mart\u00ednez Herrero ha sido convocado por la Real Federaci\u00f3n Espa\u00f1ola de Gimnasia para una concentraci\u00f3n prej\u00fanior del 3 al 6 de mayo que se celebrar\u00e1 en el Real Grupo de Cultura Covadonga (Gij\u00f3n). Estas jornadas de tecnificaci\u00f3n est\u00e1n creadas para gimnastas con proyecci\u00f3n a su futura incorporaci\u00f3n a los planes de [&hellip;]<\/p>\n","protected":false},"author":10,"featured_media":97497,"comment_status":"closed","ping_status":"closed","sticky":false,"template":"","format":"standard","meta":{"_monsterinsights_skip_tracking":false,"_monsterinsights_sitenote_active":false,"_monsterinsights_sitenote_note":"","_monsterinsights_sitenote_category":0,"footnotes":""},"categories":[191,15,8],"tags":[430,192],"class_list":{"0":"post-97496","1":"post","2":"type-post","3":"status-publish","4":"format-standard","5":"has-post-thumbnail","7":"category-gimnasia","8":"category-otros","9":"category-tipo-noticia","10":"tag-davidmartinezherrero","11":"tag-gimnasia"},"views":14,"_links":{"self":[{"href":"https:\/\/www.burgosdeporte.com\/index.php?rest_route=\/wp\/v2\/posts\/97496","targetHints":{"allow":["GET"]}}],"collection":[{"href":"https:\/\/www.burgosdeporte.com\/index.php?rest_route=\/wp\/v2\/posts"}],"about":[{"href":"https:\/\/www.burgosdeporte.com\/index.php?rest_route=\/wp\/v2\/types\/post"}],"author":[{"embeddable":true,"href":"https:\/\/www.burgosdeporte.com\/index.php?rest_route=\/wp\/v2\/users\/10"}],"replies":[{"embeddable":true,"href":"https:\/\/www.burgosdeporte.com\/index.php?rest_route=%2Fwp%2Fv2%2Fcomments&post=97496"}],"version-history":[{"count":0,"href":"https:\/\/www.burgosdeporte.com\/index.php?rest_route=\/wp\/v2\/posts\/97496\/revisions"}],"wp:featuredmedia":[{"embeddable":true,"href":"https:\/\/www.burgosdeporte.com\/index.php?rest_route=\/"}],"wp:attachment":[{"href":"https:\/\/www.burgosdeporte.com\/index.php?rest_route=%2Fwp%2Fv2%2Fmedia&parent=97496"}],"wp:term":[{"taxonomy":"category","embeddable":true,"href":"https:\/\/www.burgosdeporte.com\/index.php?rest_route=%2Fwp%2Fv2%2Fcategories&post=97496"},{"taxonomy":"post_tag","embeddable":true,"href":"https:\/\/www.burgosdeporte.com\/index.php?rest_route=%2Fwp%2Fv2%2Ftags&post=97496"}],"curies":[{"name":"wp","href":"https:\/\/api.w.org\/{rel}","templated":true}]}}