{"id":97201,"date":"2023-03-28T14:48:58","date_gmt":"2023-03-28T12:48:58","guid":{"rendered":"https:\/\/www.burgosdeporte.com\/?p=97201"},"modified":"2023-03-28T14:48:58","modified_gmt":"2023-03-28T12:48:58","slug":"prado-sport-acoge-competiciones-de-gimnasia-y-de-padel-en-sus-instalaciones","status":"publish","type":"post","link":"https:\/\/www.burgosdeporte.com\/?p=97201","title":{"rendered":"Prado Sport acoge competiciones de gimnasia y de p\u00e1del en sus instalaciones"},"content":{"rendered":"<div class=\"wp-block-image\">\n<figure class=\"aligncenter size-full\"><a href=\"https:\/\/felixrubio.es\/\" target=\"_blank\" rel=\"noreferrer noopener\"><img decoding=\"async\" src=\"https:\/\/www.burgosdeporte.com\/wp-content\/uploads\/2020\/01\/FelixRubio-scaled.gif\" alt=\"\" class=\"wp-image-33326\"\/><\/a><\/figure>\n<\/div>\n\n\n<p>Las instalaciones de Prado Sport acogieron dos competiciones deportivas. Por un lado, la sala de gimnasia del Prado Sport fue el escenario para realizar la 2\u00ba fase de la Liga Auton\u00f3mica de Gimnasia Art\u00edstica Femenina. Por otro, tambi\u00e9n se celebr\u00f3 el provincial de p\u00e1del.<\/p>\n\n\n\n<p><strong>Auton\u00f3mico de gimnasia<\/strong><\/p>\n\n\n\n<p>Esta era la primera que en Aranda se celebraba una competici\u00f3n federada de Gimnasia, y \u201chay que dar la enhorabuena a todo el club que ha estado implicado en la organizaci\u00f3n de este evento\u201d, aseguraba Inma de la R\u00faa, Directora del Club de Gimnasia Aranda.<\/p>\n\n\n\n<p>Cerca de 200 gimnastas de la comunidad participaron en este campeonato, siendo 38 de ellas del Club Gimnasia Aranda. Una competici\u00f3n por equipos, con menci\u00f3n individual, en las que las gimnastas arandinas han conseguido subir al p\u00f3dium en categor\u00eda A: primeras en paralelas y segundas en barra de equilibrio. En categor\u00eda B quedaron segundas tanto en asim\u00e9tricas como en barra de equilibrio. Y en la tercera categor\u00eda, segundas en barra y terceras en paralelas.<\/p>\n\n\n\n<p><strong>Provincial de p\u00e1del<\/strong><\/p>\n\n\n\n<p>Tambi\u00e9n las pistas de p\u00e1del de Prado Sport acogieron el Campeonato Provincial Burgos puntuable para ranking FEP. Alrededor de 50 ni\u00f1os de entre 8 y 16 a\u00f1os participaron en este evento con buenos resultados para la Escuela de P\u00e1del Prado Sport.<\/p>\n\n\n\n<p>Paula Domingo y Saray P\u00e9rez se proclamaron Campeonas cadete femenino y Diana Tejedor y Marena Baldovino, fueron subcampeonas.&nbsp; En cadete masculino el primer puesto fue para la pareja formada por \u00c1lvaro Abad y Gabriel Requejo.<\/p>\n\n\n\n<p>En categor\u00eda Benjam\u00edn el segundo puesto fue para Alain Sope\u00f1a y Diego Requejo. Tambi\u00e9n el segundo lugar ocuparon en la final de consolaci\u00f3n alev\u00edn Hugo Pereira y Rodrigo Marcos.<\/p>\n\n\n<div class=\"wp-block-image\">\n<figure class=\"aligncenter size-full\"><a href=\"https:\/\/felixrubio.es\/\" target=\"_blank\" rel=\"noreferrer noopener\"><img decoding=\"async\" src=\"https:\/\/www.burgosdeporte.com\/wp-content\/uploads\/2020\/01\/FelixRubio-scaled.gif\" alt=\"\" class=\"wp-image-33326\"\/><\/a><\/figure>\n<\/div>","protected":false},"excerpt":{"rendered":"<p>Las instalaciones de Prado Sport acogieron dos competiciones deportivas. Por un lado, la sala de gimnasia del Prado Sport fue el escenario para realizar la 2\u00ba fase de la Liga Auton\u00f3mica de Gimnasia Art\u00edstica Femenina. Por otro, tambi\u00e9n se celebr\u00f3 el provincial de p\u00e1del. Auton\u00f3mico de gimnasia Esta era la primera que en Aranda se [&hellip;]<\/p>\n","protected":false},"author":10,"featured_media":97241,"comment_status":"closed","ping_status":"closed","sticky":false,"template":"","format":"standard","meta":{"_monsterinsights_skip_tracking":false,"_monsterinsights_sitenote_active":false,"_monsterinsights_sitenote_note":"","_monsterinsights_sitenote_category":0,"footnotes":""},"categories":[191,15,421,8,60],"tags":[192,422],"class_list":{"0":"post-97201","1":"post","2":"type-post","3":"status-publish","4":"format-standard","5":"has-post-thumbnail","7":"category-gimnasia","8":"category-otros","9":"category-padel","10":"category-tipo-noticia","11":"category-varios","12":"tag-gimnasia","13":"tag-padel"},"views":59,"_links":{"self":[{"href":"https:\/\/www.burgosdeporte.com\/index.php?rest_route=\/wp\/v2\/posts\/97201","targetHints":{"allow":["GET"]}}],"collection":[{"href":"https:\/\/www.burgosdeporte.com\/index.php?rest_route=\/wp\/v2\/posts"}],"about":[{"href":"https:\/\/www.burgosdeporte.com\/index.php?rest_route=\/wp\/v2\/types\/post"}],"author":[{"embeddable":true,"href":"https:\/\/www.burgosdeporte.com\/index.php?rest_route=\/wp\/v2\/users\/10"}],"replies":[{"embeddable":true,"href":"https:\/\/www.burgosdeporte.com\/index.php?rest_route=%2Fwp%2Fv2%2Fcomments&post=97201"}],"version-history":[{"count":0,"href":"https:\/\/www.burgosdeporte.com\/index.php?rest_route=\/wp\/v2\/posts\/97201\/revisions"}],"wp:featuredmedia":[{"embeddable":true,"href":"https:\/\/www.burgosdeporte.com\/index.php?rest_route=\/"}],"wp:attachment":[{"href":"https:\/\/www.burgosdeporte.com\/index.php?rest_route=%2Fwp%2Fv2%2Fmedia&parent=97201"}],"wp:term":[{"taxonomy":"category","embeddable":true,"href":"https:\/\/www.burgosdeporte.com\/index.php?rest_route=%2Fwp%2Fv2%2Fcategories&post=97201"},{"taxonomy":"post_tag","embeddable":true,"href":"https:\/\/www.burgosdeporte.com\/index.php?rest_route=%2Fwp%2Fv2%2Ftags&post=97201"}],"curies":[{"name":"wp","href":"https:\/\/api.w.org\/{rel}","templated":true}]}}