{"id":97108,"date":"2023-03-27T10:54:44","date_gmt":"2023-03-27T08:54:44","guid":{"rendered":"https:\/\/www.burgosdeporte.com\/?p=97108"},"modified":"2023-03-27T10:54:44","modified_gmt":"2023-03-27T08:54:44","slug":"marta-fernandez-logra-batir-el-record-del-mundo-de-50-mariposa-s3","status":"publish","type":"post","link":"https:\/\/www.burgosdeporte.com\/?p=97108","title":{"rendered":"Marta Fern\u00e1ndez logra batir el r\u00e9cord del mundo de 50 mariposa"},"content":{"rendered":"\n<p class=\"has-text-align-right\"><em>Marta Fern\u00e1ndez.- Foto: Eurosport<\/em><\/p>\n\n\n\n<h1 class=\"wp-block-heading\">La nadadora burgalesa particip\u00f3 en Madrid en el \u00a0Campeonato de Espa\u00f1a de Nataci\u00f3n por Selecciones Auton\u00f3micas, haciendo un tiempo de 46.57 segundos, rebajando en casi diez segundos la anterior marca en poder de la mexicana Patricia Valle. <\/h1>\n\n\n<div class=\"wp-block-image\">\n<figure class=\"aligncenter size-full\"><img decoding=\"async\" src=\"https:\/\/www.burgosdeporte.com\/wp-content\/uploads\/2019\/11\/FCastilla_2019.gif\" alt=\"\" class=\"wp-image-32587\"\/><\/figure>\n<\/div>\n\n\n<p>La nadadora espa\u00f1ola\u00a0Marta Fern\u00e1ndez\u00a0logr\u00f3 batir el r\u00e9cord del mundo de los 50 metros mariposa de la clase S3 durante la celebraci\u00f3n en Madrid del\u00a0Campeonato de Espa\u00f1a de Nataci\u00f3n por Selecciones Auton\u00f3micas, seg\u00fan inform\u00f3 este domingo la\u00a0Federaci\u00f3n Espa\u00f1ola de Deportes de Personas con Par\u00e1lisis Cerebral y Da\u00f1o Cerebral Adquirido.<\/p>\n\n\n\n<p>La burgalesa,\u00a0triple medallista en los pasados Juegos Paral\u00edmpicos de Tokio, marc\u00f3 un nuevo crono de 46.57 segundos, rebajando en casi diez segundos la anterior marca en poder de la mexicana Patricia Valle.<\/p>\n\n\n\n<p>Fern\u00e1ndez tambi\u00e9n posee la\u00a0plusmarca mundial\u00a0de los 50 mariposa S4 con 40.22, aunque recientemente ha tenido que bajar de clase a la\u00a0S3\u00a0debido a su\u00a0enfermedad degenerativa. \u00ab<em>Estoy muy contenta con los resultados del campeonato, era el primero tras el cambio de categor\u00eda y ha sido un gran comienzo con el r\u00e9cord del mundo en 50 mariposa. Ahora toca seguir entrenando y\u00a0trabajando para el Mundial\u00bb, <\/em>coment\u00f3 en declaraciones recogidas por la web de la\u00a0Federaci\u00f3n Espa\u00f1ola. <\/p>\n\n\n\n<p><\/p>\n","protected":false},"excerpt":{"rendered":"<p>Marta Fern\u00e1ndez.- Foto: Eurosport La nadadora burgalesa particip\u00f3 en Madrid en el \u00a0Campeonato de Espa\u00f1a de Nataci\u00f3n por Selecciones Auton\u00f3micas, haciendo un tiempo de 46.57 segundos, rebajando en casi diez segundos la anterior marca en poder de la mexicana Patricia Valle. La nadadora espa\u00f1ola\u00a0Marta Fern\u00e1ndez\u00a0logr\u00f3 batir el r\u00e9cord del mundo de los 50 metros mariposa [&hellip;]<\/p>\n","protected":false},"author":10,"featured_media":97109,"comment_status":"closed","ping_status":"closed","sticky":false,"template":"","format":"standard","meta":{"_monsterinsights_skip_tracking":false,"_monsterinsights_sitenote_active":false,"_monsterinsights_sitenote_note":"","_monsterinsights_sitenote_category":0,"footnotes":""},"categories":[205,15,8],"tags":[413,414],"class_list":{"0":"post-97108","1":"post","2":"type-post","3":"status-publish","4":"format-standard","5":"has-post-thumbnail","7":"category-natacion","8":"category-otros","9":"category-tipo-noticia","10":"tag-50metrosmariposa","11":"tag-martafernandez"},"views":18,"_links":{"self":[{"href":"https:\/\/www.burgosdeporte.com\/index.php?rest_route=\/wp\/v2\/posts\/97108","targetHints":{"allow":["GET"]}}],"collection":[{"href":"https:\/\/www.burgosdeporte.com\/index.php?rest_route=\/wp\/v2\/posts"}],"about":[{"href":"https:\/\/www.burgosdeporte.com\/index.php?rest_route=\/wp\/v2\/types\/post"}],"author":[{"embeddable":true,"href":"https:\/\/www.burgosdeporte.com\/index.php?rest_route=\/wp\/v2\/users\/10"}],"replies":[{"embeddable":true,"href":"https:\/\/www.burgosdeporte.com\/index.php?rest_route=%2Fwp%2Fv2%2Fcomments&post=97108"}],"version-history":[{"count":0,"href":"https:\/\/www.burgosdeporte.com\/index.php?rest_route=\/wp\/v2\/posts\/97108\/revisions"}],"wp:featuredmedia":[{"embeddable":true,"href":"https:\/\/www.burgosdeporte.com\/index.php?rest_route=\/"}],"wp:attachment":[{"href":"https:\/\/www.burgosdeporte.com\/index.php?rest_route=%2Fwp%2Fv2%2Fmedia&parent=97108"}],"wp:term":[{"taxonomy":"category","embeddable":true,"href":"https:\/\/www.burgosdeporte.com\/index.php?rest_route=%2Fwp%2Fv2%2Fcategories&post=97108"},{"taxonomy":"post_tag","embeddable":true,"href":"https:\/\/www.burgosdeporte.com\/index.php?rest_route=%2Fwp%2Fv2%2Ftags&post=97108"}],"curies":[{"name":"wp","href":"https:\/\/api.w.org\/{rel}","templated":true}]}}