{"id":96771,"date":"2023-03-22T18:25:41","date_gmt":"2023-03-22T16:25:41","guid":{"rendered":"https:\/\/www.burgosdeporte.com\/?p=96771"},"modified":"2023-03-22T18:25:41","modified_gmt":"2023-03-22T16:25:41","slug":"el-club-gimnasia-burgos-clasifica-a-sus-gimnastas-para-el-campeonato-nacional","status":"publish","type":"post","link":"https:\/\/www.burgosdeporte.com\/?p=96771","title":{"rendered":"El Club Gimnasia Burgos clasifica a sus gimnastas para el campeonato nacional"},"content":{"rendered":"<div class=\"wp-block-image\">\n<figure class=\"aligncenter size-full\"><a href=\"https:\/\/castillafloristeria.com\/\" target=\"_blank\" rel=\"noreferrer noopener\"><img decoding=\"async\" src=\"https:\/\/www.burgosdeporte.com\/wp-content\/uploads\/2020\/02\/FCastilla_2020.gif\" alt=\"\" class=\"wp-image-37529\"\/><\/a><\/figure>\n<\/div>\n\n\n<p>El Campeonato Auton\u00f3mico Individual Base y Auton\u00f3mico Copa Conjuntos Base de Gimnasia R\u00edtmica se celebr\u00f3 en la localidad burgalesa de Roa de Duero, donde particip\u00f3 el Club Gimnasia Burgos.<\/p>\n\n\n\n<p>En la jornada de ma\u00f1ana compitieron las gimnastas Laura G\u00fcemes, Noa Reguero, Luc\u00eda Benito y Alicia Moya. Laura G\u00fcemes compiti\u00f3 en categor\u00eda infantil 2012 con mazas, y a pesar de ser su primer campeonato en base, realiz\u00f3 un magn\u00edfico ejercicio quedando en 6\u00aa posici\u00f3n. Noa Reguero en categor\u00eda infantil 2011 compiti\u00f3 con un ejercicio de&nbsp; cinta y obtuvo una fant\u00e1stica 9\u00aa posici\u00f3n.<\/p>\n\n\n\n<p>Luc\u00eda Benito en categor\u00eda Cadete 2009 consigui\u00f3 la 4\u00aa plaza con un gran ejercicio pelota. Alicia Moya en categor\u00eda cadete 2008 qued\u00f3 en&nbsp; 5\u00aa posici\u00f3n tambi\u00e9n con un ejercicio de pelota.<\/p>\n\n\n\n<p>Todas ellas consiguieron la clasificaci\u00f3n al campeonato de Espa\u00f1a que se celebrar\u00e1 en Pamplona del 18 al 23 de abril.<\/p>\n\n\n\n<p>En la jornada de tarde se desarroll\u00f3 La Copa de Conjuntos Base y el Club Gimnasia Burgos consigui\u00f3 clasificar a los dos conjuntos que present\u00f3. El conjunto infantil de 5 aros formado por In\u00e9s Portol\u00e9s, Noa Cuesta, Laura G\u00fcemes, Marina del R\u00edo y Paula Mart\u00ednez consigui\u00f3 clasificarse en 4\u00aa posici\u00f3n.<\/p>\n\n\n\n<p>El conjunto juvenil de 3 pelotas y 2 cintas consigui\u00f3 clasificarse en tercer lugar con un gran ejercicio formado por Alicia Moya, Carla Medina, Paula Diaz, Roc\u00edo Vitores y Silvia Garc\u00eda.<\/p>\n\n\n\n<p>La Copa Base conjunto se llevar\u00e1 a cabo del 27 al 30 de abril en Santander.<\/p>\n\n\n<div class=\"wp-block-image\">\n<figure class=\"aligncenter size-full\"><a href=\"https:\/\/castillafloristeria.com\/\" target=\"_blank\" rel=\"noreferrer noopener\"><img decoding=\"async\" src=\"https:\/\/www.burgosdeporte.com\/wp-content\/uploads\/2020\/02\/FCastilla_2020.gif\" alt=\"\" class=\"wp-image-37529\"\/><\/a><\/figure>\n<\/div>","protected":false},"excerpt":{"rendered":"<p>El Campeonato Auton\u00f3mico Individual Base y Auton\u00f3mico Copa Conjuntos Base de Gimnasia R\u00edtmica se celebr\u00f3 en la localidad burgalesa de Roa de Duero, donde particip\u00f3 el Club Gimnasia Burgos. En la jornada de ma\u00f1ana compitieron las gimnastas Laura G\u00fcemes, Noa Reguero, Luc\u00eda Benito y Alicia Moya. Laura G\u00fcemes compiti\u00f3 en categor\u00eda infantil 2012 con mazas, [&hellip;]<\/p>\n","protected":false},"author":10,"featured_media":96772,"comment_status":"closed","ping_status":"closed","sticky":false,"template":"","format":"standard","meta":{"_monsterinsights_skip_tracking":false,"_monsterinsights_sitenote_active":false,"_monsterinsights_sitenote_note":"","_monsterinsights_sitenote_category":0,"footnotes":""},"categories":[191,15,8],"tags":[278,192,385],"class_list":{"0":"post-96771","1":"post","2":"type-post","3":"status-publish","4":"format-standard","5":"has-post-thumbnail","7":"category-gimnasia","8":"category-otros","9":"category-tipo-noticia","10":"tag-clubgimnasiaburgos","11":"tag-gimnasia","12":"tag-gimnasiaritmica"},"views":14,"_links":{"self":[{"href":"https:\/\/www.burgosdeporte.com\/index.php?rest_route=\/wp\/v2\/posts\/96771","targetHints":{"allow":["GET"]}}],"collection":[{"href":"https:\/\/www.burgosdeporte.com\/index.php?rest_route=\/wp\/v2\/posts"}],"about":[{"href":"https:\/\/www.burgosdeporte.com\/index.php?rest_route=\/wp\/v2\/types\/post"}],"author":[{"embeddable":true,"href":"https:\/\/www.burgosdeporte.com\/index.php?rest_route=\/wp\/v2\/users\/10"}],"replies":[{"embeddable":true,"href":"https:\/\/www.burgosdeporte.com\/index.php?rest_route=%2Fwp%2Fv2%2Fcomments&post=96771"}],"version-history":[{"count":0,"href":"https:\/\/www.burgosdeporte.com\/index.php?rest_route=\/wp\/v2\/posts\/96771\/revisions"}],"wp:featuredmedia":[{"embeddable":true,"href":"https:\/\/www.burgosdeporte.com\/index.php?rest_route=\/"}],"wp:attachment":[{"href":"https:\/\/www.burgosdeporte.com\/index.php?rest_route=%2Fwp%2Fv2%2Fmedia&parent=96771"}],"wp:term":[{"taxonomy":"category","embeddable":true,"href":"https:\/\/www.burgosdeporte.com\/index.php?rest_route=%2Fwp%2Fv2%2Fcategories&post=96771"},{"taxonomy":"post_tag","embeddable":true,"href":"https:\/\/www.burgosdeporte.com\/index.php?rest_route=%2Fwp%2Fv2%2Ftags&post=96771"}],"curies":[{"name":"wp","href":"https:\/\/api.w.org\/{rel}","templated":true}]}}