{"id":96754,"date":"2023-03-22T18:14:27","date_gmt":"2023-03-22T16:14:27","guid":{"rendered":"https:\/\/www.burgosdeporte.com\/?p=96754"},"modified":"2023-03-22T18:14:27","modified_gmt":"2023-03-22T16:14:27","slug":"seis-gimnastas-de-ritmica-del-cd-tempus-clasificadas-para-el-nacional-base","status":"publish","type":"post","link":"https:\/\/www.burgosdeporte.com\/?p=96754","title":{"rendered":"Seis gimnastas de r\u00edtmica del CD Tempus, clasificadas para el nacional base"},"content":{"rendered":"<div class=\"wp-block-image\">\n<figure class=\"aligncenter size-full\"><a href=\"http:\/\/suministrosviper.com\/\" target=\"_blank\" rel=\"noreferrer noopener\"><img decoding=\"async\" src=\"https:\/\/www.burgosdeporte.com\/wp-content\/uploads\/2019\/12\/Viper2019.gif\" alt=\"\" class=\"wp-image-32907\"\/><\/a><\/figure>\n<\/div>\n\n\n<p>El Club Deportivo Tempus particip\u00f3 en el Campeonato Auton\u00f3mico de Gimnasia R\u00edtmica en el nivel base que se celebr\u00f3 en Roa de Duero y en el que consiguieron que seis gimnastas se clasificaran para participar en el campeonato nacional base, que se celebrar\u00e1 en Pamplona entre el 19 y el 23 de abril.<\/p>\n\n\n\n<p>Adem\u00e1s, la gimnasta benjam\u00edn del club, Yevheniia Ulianova, obtuvo la medalla de bronce. Por su parte, la gimnasta Enola Cascon logr\u00f3 colgarse igualmente el bronce en la categor\u00eda prebenjam\u00edn.<\/p>\n\n\n<div class=\"wp-block-image\">\n<figure class=\"aligncenter size-full\"><a href=\"http:\/\/suministrosviper.com\/\" target=\"_blank\" rel=\"noreferrer noopener\"><img decoding=\"async\" src=\"https:\/\/www.burgosdeporte.com\/wp-content\/uploads\/2019\/12\/Viper2019.gif\" alt=\"\" class=\"wp-image-32907\"\/><\/a><\/figure>\n<\/div>","protected":false},"excerpt":{"rendered":"<p>El Club Deportivo Tempus particip\u00f3 en el Campeonato Auton\u00f3mico de Gimnasia R\u00edtmica en el nivel base que se celebr\u00f3 en Roa de Duero y en el que consiguieron que seis gimnastas se clasificaran para participar en el campeonato nacional base, que se celebrar\u00e1 en Pamplona entre el 19 y el 23 de abril. Adem\u00e1s, la [&hellip;]<\/p>\n","protected":false},"author":10,"featured_media":96755,"comment_status":"closed","ping_status":"closed","sticky":false,"template":"","format":"standard","meta":{"_monsterinsights_skip_tracking":false,"_monsterinsights_sitenote_active":false,"_monsterinsights_sitenote_note":"","_monsterinsights_sitenote_category":0,"footnotes":""},"categories":[191,15,8],"tags":[389,192,385],"class_list":{"0":"post-96754","1":"post","2":"type-post","3":"status-publish","4":"format-standard","5":"has-post-thumbnail","7":"category-gimnasia","8":"category-otros","9":"category-tipo-noticia","10":"tag-cdtempus","11":"tag-gimnasia","12":"tag-gimnasiaritmica"},"views":23,"_links":{"self":[{"href":"https:\/\/www.burgosdeporte.com\/index.php?rest_route=\/wp\/v2\/posts\/96754","targetHints":{"allow":["GET"]}}],"collection":[{"href":"https:\/\/www.burgosdeporte.com\/index.php?rest_route=\/wp\/v2\/posts"}],"about":[{"href":"https:\/\/www.burgosdeporte.com\/index.php?rest_route=\/wp\/v2\/types\/post"}],"author":[{"embeddable":true,"href":"https:\/\/www.burgosdeporte.com\/index.php?rest_route=\/wp\/v2\/users\/10"}],"replies":[{"embeddable":true,"href":"https:\/\/www.burgosdeporte.com\/index.php?rest_route=%2Fwp%2Fv2%2Fcomments&post=96754"}],"version-history":[{"count":0,"href":"https:\/\/www.burgosdeporte.com\/index.php?rest_route=\/wp\/v2\/posts\/96754\/revisions"}],"wp:featuredmedia":[{"embeddable":true,"href":"https:\/\/www.burgosdeporte.com\/index.php?rest_route=\/"}],"wp:attachment":[{"href":"https:\/\/www.burgosdeporte.com\/index.php?rest_route=%2Fwp%2Fv2%2Fmedia&parent=96754"}],"wp:term":[{"taxonomy":"category","embeddable":true,"href":"https:\/\/www.burgosdeporte.com\/index.php?rest_route=%2Fwp%2Fv2%2Fcategories&post=96754"},{"taxonomy":"post_tag","embeddable":true,"href":"https:\/\/www.burgosdeporte.com\/index.php?rest_route=%2Fwp%2Fv2%2Ftags&post=96754"}],"curies":[{"name":"wp","href":"https:\/\/api.w.org\/{rel}","templated":true}]}}