{"id":96668,"date":"2023-03-21T15:52:33","date_gmt":"2023-03-21T13:52:33","guid":{"rendered":"https:\/\/www.burgosdeporte.com\/?p=96668"},"modified":"2023-03-21T15:52:33","modified_gmt":"2023-03-21T13:52:33","slug":"la-gimnasia-ritmica-celebra-el-autonomico-en-roa-de-duero","status":"publish","type":"post","link":"https:\/\/www.burgosdeporte.com\/?p=96668","title":{"rendered":"La gimnasia r\u00edtmica celebra el auton\u00f3mico en Roa de Duero"},"content":{"rendered":"<div class=\"wp-block-image\">\n<figure class=\"aligncenter size-full\"><a href=\"https:\/\/castillafloristeria.com\/\" target=\"_blank\" rel=\"noreferrer noopener\"><img decoding=\"async\" src=\"https:\/\/www.burgosdeporte.com\/wp-content\/uploads\/2020\/02\/FCastilla_2020.gif\" alt=\"\" class=\"wp-image-37529\"\/><\/a><\/figure>\n<\/div>\n\n\n<p>Se ha celebrado en Roa de Duero el Campeonato Auton\u00f3mico de Gimnasia R\u00edtmica en las modalidades individuales y la Copa de Conjuntos Base.<\/p>\n\n\n\n<p>En la jornada de ma\u00f1ana compitieron 152 gimnastas individuales de las categor\u00edas prebenjam\u00edn, benjam\u00edn, alev\u00edn, infantil, cadete y juvenil. De las 152 gimnastas, un total de 10 gimnastas burgalesas consiguieron la clasificaci\u00f3n al campeonato de Espa\u00f1a que se celebrar\u00e1 en Pamplona del 18 al 23 de abril.<\/p>\n\n\n\n<p>En la jornada de tarde se desarroll\u00f3 la Copa de Conjuntos Base en las categor\u00edas alev\u00edn, infantil, cadete y juvenil. Las gimnastas burgalesas consiguieron clasificar a un conjunto infantil de 5 aros y un conjunto juvenil de cintas y pelotas que subi\u00f3 al podium en tercer lugar. La Copa Base conjunto se llevar\u00e1 a cabo del 27 al 30 de abril en Santander.<\/p>\n\n\n\n<p>Un gran evento que ha tra\u00eddo a la provincia m\u00e1s de 300 gimnastas y sus familias y en el que han colaborado el Ayuntamiento de Roa y las empresas burgalesas Fr\u00edas y La Flor Burgalesa.<\/p>\n\n\n<div class=\"wp-block-image\">\n<figure class=\"aligncenter size-full\"><a href=\"https:\/\/castillafloristeria.com\/\" target=\"_blank\" rel=\"noreferrer noopener\"><img decoding=\"async\" src=\"https:\/\/www.burgosdeporte.com\/wp-content\/uploads\/2020\/02\/FCastilla_2020.gif\" alt=\"\" class=\"wp-image-37529\"\/><\/a><\/figure>\n<\/div>","protected":false},"excerpt":{"rendered":"<p>Se ha celebrado en Roa de Duero el Campeonato Auton\u00f3mico de Gimnasia R\u00edtmica en las modalidades individuales y la Copa de Conjuntos Base. En la jornada de ma\u00f1ana compitieron 152 gimnastas individuales de las categor\u00edas prebenjam\u00edn, benjam\u00edn, alev\u00edn, infantil, cadete y juvenil. De las 152 gimnastas, un total de 10 gimnastas burgalesas consiguieron la clasificaci\u00f3n [&hellip;]<\/p>\n","protected":false},"author":10,"featured_media":96669,"comment_status":"closed","ping_status":"closed","sticky":false,"template":"","format":"standard","meta":{"_monsterinsights_skip_tracking":false,"_monsterinsights_sitenote_active":false,"_monsterinsights_sitenote_note":"","_monsterinsights_sitenote_category":0,"footnotes":""},"categories":[191,15,8],"tags":[192,385],"class_list":{"0":"post-96668","1":"post","2":"type-post","3":"status-publish","4":"format-standard","5":"has-post-thumbnail","7":"category-gimnasia","8":"category-otros","9":"category-tipo-noticia","10":"tag-gimnasia","11":"tag-gimnasiaritmica"},"views":50,"_links":{"self":[{"href":"https:\/\/www.burgosdeporte.com\/index.php?rest_route=\/wp\/v2\/posts\/96668","targetHints":{"allow":["GET"]}}],"collection":[{"href":"https:\/\/www.burgosdeporte.com\/index.php?rest_route=\/wp\/v2\/posts"}],"about":[{"href":"https:\/\/www.burgosdeporte.com\/index.php?rest_route=\/wp\/v2\/types\/post"}],"author":[{"embeddable":true,"href":"https:\/\/www.burgosdeporte.com\/index.php?rest_route=\/wp\/v2\/users\/10"}],"replies":[{"embeddable":true,"href":"https:\/\/www.burgosdeporte.com\/index.php?rest_route=%2Fwp%2Fv2%2Fcomments&post=96668"}],"version-history":[{"count":0,"href":"https:\/\/www.burgosdeporte.com\/index.php?rest_route=\/wp\/v2\/posts\/96668\/revisions"}],"wp:featuredmedia":[{"embeddable":true,"href":"https:\/\/www.burgosdeporte.com\/index.php?rest_route=\/"}],"wp:attachment":[{"href":"https:\/\/www.burgosdeporte.com\/index.php?rest_route=%2Fwp%2Fv2%2Fmedia&parent=96668"}],"wp:term":[{"taxonomy":"category","embeddable":true,"href":"https:\/\/www.burgosdeporte.com\/index.php?rest_route=%2Fwp%2Fv2%2Fcategories&post=96668"},{"taxonomy":"post_tag","embeddable":true,"href":"https:\/\/www.burgosdeporte.com\/index.php?rest_route=%2Fwp%2Fv2%2Ftags&post=96668"}],"curies":[{"name":"wp","href":"https:\/\/api.w.org\/{rel}","templated":true}]}}