{"id":96371,"date":"2023-03-17T15:36:53","date_gmt":"2023-03-17T13:36:53","guid":{"rendered":"https:\/\/www.burgosdeporte.com\/?p=96371"},"modified":"2023-03-17T15:36:53","modified_gmt":"2023-03-17T13:36:53","slug":"roa-de-duero-acoge-campeonatos-de-gimnasia-este-sabado","status":"publish","type":"post","link":"https:\/\/www.burgosdeporte.com\/?p=96371","title":{"rendered":"Roa de Duero acoge campeonatos de gimnasia este s\u00e1bado"},"content":{"rendered":"<div class=\"wp-block-image\">\n<figure class=\"aligncenter size-full\"><a href=\"http:\/\/suministrosviper.com\/\" target=\"_blank\" rel=\"noreferrer noopener\"><img decoding=\"async\" src=\"https:\/\/www.burgosdeporte.com\/wp-content\/uploads\/2019\/12\/Viper2019.gif\" alt=\"\" class=\"wp-image-32907\"\/><\/a><\/figure>\n<\/div>\n\n\n<p>Este s\u00e1bado, d\u00eda 18 de marzo, la localidad burgalesa de Roa de Duero acoger\u00e1 la celebraci\u00f3n del Campeonato Auton\u00f3mico Base Individual, de la Copa Base Conjuntos y de la I Fase Conjuntos Absolutos de gimnasia r\u00edtmica.<\/p>\n\n\n\n<p>El campeonato se desarrollar\u00e1 en jornada de ma\u00f1ana y tarde, de 9:15 a 14:40 horas, momento en que competir\u00e1n las gimnastas individuales, y de 16:15 a 17:40 horas, con la participaci\u00f3n de los conjuntos.<\/p>\n\n\n\n<p>Casi 300 gimnastas de toda Castilla y Le\u00f3n se dar\u00e1n cita en este evento para conseguir la clasificaci\u00f3n a los nacionales.<\/p>\n\n\n<div class=\"wp-block-image\">\n<figure class=\"aligncenter size-full\"><a href=\"http:\/\/suministrosviper.com\/\" target=\"_blank\" rel=\"noreferrer noopener\"><img decoding=\"async\" src=\"https:\/\/www.burgosdeporte.com\/wp-content\/uploads\/2019\/12\/Viper2019.gif\" alt=\"\" class=\"wp-image-32907\"\/><\/a><\/figure>\n<\/div>","protected":false},"excerpt":{"rendered":"<p>Este s\u00e1bado, d\u00eda 18 de marzo, la localidad burgalesa de Roa de Duero acoger\u00e1 la celebraci\u00f3n del Campeonato Auton\u00f3mico Base Individual, de la Copa Base Conjuntos y de la I Fase Conjuntos Absolutos de gimnasia r\u00edtmica. El campeonato se desarrollar\u00e1 en jornada de ma\u00f1ana y tarde, de 9:15 a 14:40 horas, momento en que competir\u00e1n [&hellip;]<\/p>\n","protected":false},"author":10,"featured_media":88595,"comment_status":"closed","ping_status":"closed","sticky":false,"template":"","format":"standard","meta":{"_monsterinsights_skip_tracking":false,"_monsterinsights_sitenote_active":false,"_monsterinsights_sitenote_note":"","_monsterinsights_sitenote_category":0,"footnotes":""},"categories":[191,15,8],"tags":[192],"class_list":{"0":"post-96371","1":"post","2":"type-post","3":"status-publish","4":"format-standard","5":"has-post-thumbnail","7":"category-gimnasia","8":"category-otros","9":"category-tipo-noticia","10":"tag-gimnasia"},"views":52,"_links":{"self":[{"href":"https:\/\/www.burgosdeporte.com\/index.php?rest_route=\/wp\/v2\/posts\/96371","targetHints":{"allow":["GET"]}}],"collection":[{"href":"https:\/\/www.burgosdeporte.com\/index.php?rest_route=\/wp\/v2\/posts"}],"about":[{"href":"https:\/\/www.burgosdeporte.com\/index.php?rest_route=\/wp\/v2\/types\/post"}],"author":[{"embeddable":true,"href":"https:\/\/www.burgosdeporte.com\/index.php?rest_route=\/wp\/v2\/users\/10"}],"replies":[{"embeddable":true,"href":"https:\/\/www.burgosdeporte.com\/index.php?rest_route=%2Fwp%2Fv2%2Fcomments&post=96371"}],"version-history":[{"count":0,"href":"https:\/\/www.burgosdeporte.com\/index.php?rest_route=\/wp\/v2\/posts\/96371\/revisions"}],"wp:featuredmedia":[{"embeddable":true,"href":"https:\/\/www.burgosdeporte.com\/index.php?rest_route=\/"}],"wp:attachment":[{"href":"https:\/\/www.burgosdeporte.com\/index.php?rest_route=%2Fwp%2Fv2%2Fmedia&parent=96371"}],"wp:term":[{"taxonomy":"category","embeddable":true,"href":"https:\/\/www.burgosdeporte.com\/index.php?rest_route=%2Fwp%2Fv2%2Fcategories&post=96371"},{"taxonomy":"post_tag","embeddable":true,"href":"https:\/\/www.burgosdeporte.com\/index.php?rest_route=%2Fwp%2Fv2%2Ftags&post=96371"}],"curies":[{"name":"wp","href":"https:\/\/api.w.org\/{rel}","templated":true}]}}