{"id":95700,"date":"2023-03-07T16:08:41","date_gmt":"2023-03-07T14:08:41","guid":{"rendered":"https:\/\/www.burgosdeporte.com\/?p=95700"},"modified":"2023-03-07T16:08:41","modified_gmt":"2023-03-07T14:08:41","slug":"proyectos-fallidos-de-cantera","status":"publish","type":"post","link":"https:\/\/www.burgosdeporte.com\/?p=95700","title":{"rendered":"Proyectos fallidos de cantera"},"content":{"rendered":"\n<h2 class=\"wp-block-heading\">Articulo de opini\u00f3n del periodista Julio C\u00e9sar Rico, sobre la cantera del f\u00fatbol en Burgos.<\/h2>\n\n\n\n<p class=\"has-text-align-right\"><em>El Burgos Promesas en la disputa de su partido m\u00e1s reciente.- Foto: Jenga\/Burgosdeporte<\/em><\/p>\n\n\n<div class=\"wp-block-image\">\n<figure class=\"aligncenter size-full\"><img decoding=\"async\" src=\"https:\/\/www.burgosdeporte.com\/wp-content\/uploads\/2020\/02\/FelixRubio-scaled.gif\" alt=\"\" class=\"wp-image-37462\"\/><\/figure>\n<\/div>\n\n\n<p>Cuando una temporada deportiva como la del Burgos CF es brillante, quedan eclipsadas las lagunas de una sociedad an\u00f3nima deportiva que, si en general su Consejo lo est\u00e1 haciendo bien, hay otros aspectos no tan brillantes; m\u00e1s bien son fracasos. Hablo de la cantera del Burgos CF y de clubes conveniados o vinculados.<\/p>\n\n\n\n<p>Al inicio de la temporada pasada, en esta misma secci\u00f3n, analizaba la nueva vida del club. Dec\u00eda que part\u00eda en el f\u00fatbol profesional con una situaci\u00f3n deportiva inmejorable: un equipo en Liga SmartBank, un filial en Segunda RFEF y un juvenil en Divisi\u00f3n de Honor, m\u00e1s otro en Liga Nacional y decenas de equipos en categor\u00edas inferiores. La fusi\u00f3n con el Promesas garantizaba futuro. Y con una ciudad deportiva ejemplar para la formaci\u00f3n de futbolistas.<\/p>\n\n\n\n<p>S\u00f3lo un a\u00f1o y medio despu\u00e9s, el panorama ha cambiado radicalmente. No se supo, no se pudo o no se quiso mantener al Juvenil en la Divisi\u00f3n de Honor y ahora en la Liga Nacional, ni de lejos es el mejor equipo. El Promesas de la Segunda RFEF se ha dejado caer. Es el \u00faltimo del grupo a 17 puntos de la salvaci\u00f3n, con el descenso a Tercera RFEF en el bolsillo.<\/p>\n\n\n\n<p>Cuando todos pens\u00e1bamos que, por fin, el Burgos CF podr\u00eda tener un proyecto de cantera en condiciones, serio, planificado y con un conjunto de ojeadores y profesionales vinculados a esta tarea, nos hemos dado cuenta de que lo de los filiales del primer equipo es, de nuevo, un proyecto que no interesa demasiado.<\/p>\n\n\n\n<p>Si a todo ello unimos que los jugadores que forman las plantillas de los equipo m\u00e1s representativos de la cantera no son de aqu\u00ed, de la provincia en su gran mayor\u00eda, el panorama se vuelve desolador. Que en el plantel del Promesas no haya m\u00e1s que tres o cuatro burgaleses \u2013y veteranos\u2014 es algo que nos debe preocupar mucho.<\/p>\n\n\n\n<p>Esa situaci\u00f3n se repite, en menor medida, con el Juvenil de la Liga Nacional. Unos poquitos futbolistas de este grupo son burgaleses. S\u00e9 que son palabras fuertes que quiero convertir en pregunta para que no suene mal. \u00bfSe ha despreciado la cantera local de los clubes de la ciudad y provincia? \u00bfSe conf\u00eda de verdad en los entrenadores de estos equipos para sacar futbolistas para la cantera del BCF? \u00bfTan malos son nuestros chavales y chavalas jugando al f\u00fatbol? \u00bfPor qu\u00e9 los m\u00e1s preparados se van a Deportivo (con equipo profesional en 1\u00aa RFEF), al Villarreal, al Valladolid o al Atl\u00e9tico de Madrid?<\/p>\n\n\n\n<p>No soy experto en estos asuntos. No s\u00e9 c\u00f3mo se gestionan una cantera, ni un equipo de Segunda RFEF; no s\u00e9 nada de fundamentos futbol\u00edsticos para entender si un chaval de 16 a\u00f1os tiene categor\u00eda y talento suficiente para jugar en un equipo u otro. Para eso hay t\u00e9cnicos y profesionales de la materia.<\/p>\n\n\n\n<p>El quid de la cuesti\u00f3n no es entonces si hay o no chicos para nutrir la cantera del BCF, que seguro que los hay; el problema es el inter\u00e9s real en mantener esto.<\/p>\n\n\n\n<p>Un entrenador de prestigio, burgal\u00e9s, que ha pasado por media Espa\u00f1a, me aseguraba hace unos meses que todo est\u00e1 en el inter\u00e9s que los directivos y presidentes de los consejos de administraci\u00f3n pongan en esta cuesti\u00f3n. Abordaba, precisamente el tema del BCF y la situaci\u00f3n de la temporada anterior. Me dec\u00eda que cuando un club tiene bien consolidado a su primer equipo y genera recursos, se puede lanzar a la cantera. Mientras tanto, suficiente tiene con que la econom\u00eda le d\u00e9 para que su primera plantilla est\u00e9 en lo m\u00e1s alto. Y que el BCF est\u00e1 en una situaci\u00f3n \u00f3ptima para consolidarse.<\/p>\n\n\n\n<p>Lamentablemente, una vez m\u00e1s y es la historia interminable en esta ciudad, hemos dejado pasar una oportunidad inmejorable de ascender al Juvenil y mantener al Promesas. El primero de ellos tiene complicad\u00edsimo el ascenso; y el segundo con la permanencia imposible porque aunque los n\u00fameros a\u00fan pueden dar para salvarse, la realidad dicta que los enfrentamientos entre equipos que est\u00e1n en la cola y sus resultados posibles impiden que el Promesas alcance una plaza de permanencia.<\/p>\n\n\n\n<p>Y el caso es que cantera en Burgos hay; y mucha. Miles de licencias; cientos de equipos en todas las categor\u00edas\u2026 entre tantos deportistas hay unos cuantos talentosos; otros buenos aprendices de t\u00e1cticas y t\u00e9cnica futbol\u00edstica; y entre todos seguro que hay una docena de chavales que en muy poco tiempo podr\u00edan vestir el uniforme blanquinegro en el f\u00fatbol profesional. \u00bfPor qu\u00e9 no salen? \u00bfQu\u00e9 hace falta para que esa cantera explote?<\/p>\n\n\n\n<p>Un t\u00e9cnico de toda la vida, Rivelino, que dej\u00f3 su huella en la Pe\u00f1a Antonio Jos\u00e9, el descubridor de Edu V\u00e9lez, una de las \u00faltimas joyas de la cantera\u2026( \u00a1ojo, que han pasado m\u00e1s de 30 a\u00f1os de aquello!), me comentaba que en su \u00e9poca, a\u00f1os 80 y 90, en todos los equipos de juveniles \u201chab\u00eda uno o dos chavales que despuntaban, con una clase muy grande\u201d. Rivelino se conoc\u00eda&nbsp; todas las categor\u00edas. Hab\u00eda talento burgal\u00e9s.<\/p>\n\n\n\n<p>Hoy ser\u00eda posible tambi\u00e9n. La Divisi\u00f3n de Honor de Juveniles ha visto pasar no s\u00f3lo al BCF, tambi\u00e9n al \u00c1guilas, al San Esteban, al R\u00edo Vena\u2026 al Promesas\u2026 hoy no hay representaci\u00f3n. Y la cantera languidece.<\/p>\n\n\n\n<p>Como aficionados no podemos dejar pasar la oportunidad de disfrutar con nuestra cantera. Y de apoyarla. Es necesario que Casta\u00f1ares sea una caldera para animar a nuestros equipos porque si se nota apoyo, sin duda que los directivos se ven obligados a no dejarse perder a sus filiales.<\/p>\n\n\n\n<p>Hay que trabajar en esta l\u00ednea y fijarse en las canteras cercanas: El Valladolid, el Alav\u00e9s, R\u00e1cing, Deportivo, Celta\u2026 canteras modestas que trabajan muy bien, sin irnos ya a los transatl\u00e1nticos La F\u00e1brica, La Mass\u00eda, Lezama, Mareo, Zubieta o Villarreal. Ojal\u00e1 sea as\u00ed y resurja.<\/p>\n","protected":false},"excerpt":{"rendered":"<p>Articulo de opini\u00f3n del periodista Julio C\u00e9sar Rico, sobre la cantera del f\u00fatbol en Burgos. El Burgos Promesas en la disputa de su partido m\u00e1s reciente.- Foto: Jenga\/Burgosdeporte Cuando una temporada deportiva como la del Burgos CF es brillante, quedan eclipsadas las lagunas de una sociedad an\u00f3nima deportiva que, si en general su Consejo lo [&hellip;]<\/p>\n","protected":false},"author":21,"featured_media":95728,"comment_status":"closed","ping_status":"closed","sticky":false,"template":"","format":"standard","meta":{"_monsterinsights_skip_tracking":false,"_monsterinsights_sitenote_active":false,"_monsterinsights_sitenote_note":"","_monsterinsights_sitenote_category":0,"footnotes":""},"categories":[4,14,8],"tags":[29,334,32,13],"class_list":{"0":"post-95700","1":"post","2":"type-post","3":"status-publish","4":"format-standard","5":"has-post-thumbnail","7":"category-futbol","8":"category-opinion","9":"category-tipo-noticia","10":"tag-burgoscf","11":"tag-cantera","12":"tag-futbol","13":"tag-opinion"},"views":61,"_links":{"self":[{"href":"https:\/\/www.burgosdeporte.com\/index.php?rest_route=\/wp\/v2\/posts\/95700","targetHints":{"allow":["GET"]}}],"collection":[{"href":"https:\/\/www.burgosdeporte.com\/index.php?rest_route=\/wp\/v2\/posts"}],"about":[{"href":"https:\/\/www.burgosdeporte.com\/index.php?rest_route=\/wp\/v2\/types\/post"}],"author":[{"embeddable":true,"href":"https:\/\/www.burgosdeporte.com\/index.php?rest_route=\/wp\/v2\/users\/21"}],"replies":[{"embeddable":true,"href":"https:\/\/www.burgosdeporte.com\/index.php?rest_route=%2Fwp%2Fv2%2Fcomments&post=95700"}],"version-history":[{"count":0,"href":"https:\/\/www.burgosdeporte.com\/index.php?rest_route=\/wp\/v2\/posts\/95700\/revisions"}],"wp:featuredmedia":[{"embeddable":true,"href":"https:\/\/www.burgosdeporte.com\/index.php?rest_route=\/"}],"wp:attachment":[{"href":"https:\/\/www.burgosdeporte.com\/index.php?rest_route=%2Fwp%2Fv2%2Fmedia&parent=95700"}],"wp:term":[{"taxonomy":"category","embeddable":true,"href":"https:\/\/www.burgosdeporte.com\/index.php?rest_route=%2Fwp%2Fv2%2Fcategories&post=95700"},{"taxonomy":"post_tag","embeddable":true,"href":"https:\/\/www.burgosdeporte.com\/index.php?rest_route=%2Fwp%2Fv2%2Ftags&post=95700"}],"curies":[{"name":"wp","href":"https:\/\/api.w.org\/{rel}","templated":true}]}}