{"id":95371,"date":"2023-03-03T16:03:14","date_gmt":"2023-03-03T14:03:14","guid":{"rendered":"https:\/\/www.burgosdeporte.com\/?p=95371"},"modified":"2023-03-03T16:03:14","modified_gmt":"2023-03-03T14:03:14","slug":"presencia-de-david-martinez-en-los-entrenamientos-del-car-de-madrid","status":"publish","type":"post","link":"https:\/\/www.burgosdeporte.com\/?p=95371","title":{"rendered":"Presencia de David Mart\u00ednez en los entrenamientos del CAR de Madrid"},"content":{"rendered":"<div class=\"wp-block-image\">\n<figure class=\"aligncenter size-full\"><a href=\"http:\/\/suministrosviper.com\/\" target=\"_blank\" rel=\"noreferrer noopener\"><img decoding=\"async\" src=\"https:\/\/www.burgosdeporte.com\/wp-content\/uploads\/2019\/12\/Viper2019.gif\" alt=\"\" class=\"wp-image-32907\"\/><\/a><\/figure>\n<\/div>\n\n\n<p>El gimnasta burgal\u00e9s David Mart\u00ednez Herrero se ha desplazado este viernes de madrugada al Centro de Alto Rendimiento (CAR) de Madrid junto a su compa\u00f1ero Aratz Ramos y su entrenador Xabier Larrimbe para pasar otro fin de semana de entrenamientos espec\u00edficos y dirigidos por el seleccionador nacional Benjam\u00edn Bango.<\/p>\n\n\n\n<p>Cada vez va restando menos tiempo para el comienzo de las competiciones nacionales e internacionales y los entrenamientos se van intensificando y tomando forma para cerrar ejercicios.<\/p>\n\n\n\n<p>Estas jornadas de concentraci\u00f3n son siempre enriquecedoras para el joven deportista burgal\u00e9s y est\u00e1n llenas de buenos momentos junto a los gimnastas del pa\u00eds que se re\u00fanen all\u00ed para entrenar.<\/p>\n\n\n<div class=\"wp-block-image\">\n<figure class=\"aligncenter size-full\"><a href=\"http:\/\/suministrosviper.com\/\" target=\"_blank\" rel=\"noreferrer noopener\"><img decoding=\"async\" src=\"https:\/\/www.burgosdeporte.com\/wp-content\/uploads\/2019\/12\/Viper2019.gif\" alt=\"\" class=\"wp-image-32907\"\/><\/a><\/figure>\n<\/div>","protected":false},"excerpt":{"rendered":"<p>El gimnasta burgal\u00e9s David Mart\u00ednez Herrero se ha desplazado este viernes de madrugada al Centro de Alto Rendimiento (CAR) de Madrid junto a su compa\u00f1ero Aratz Ramos y su entrenador Xabier Larrimbe para pasar otro fin de semana de entrenamientos espec\u00edficos y dirigidos por el seleccionador nacional Benjam\u00edn Bango. Cada vez va restando menos tiempo [&hellip;]<\/p>\n","protected":false},"author":10,"featured_media":95373,"comment_status":"closed","ping_status":"closed","sticky":false,"template":"","format":"standard","meta":{"_monsterinsights_skip_tracking":false,"_monsterinsights_sitenote_active":false,"_monsterinsights_sitenote_note":"","_monsterinsights_sitenote_category":0,"footnotes":""},"categories":[191,15,8],"tags":[190,192],"class_list":{"0":"post-95371","1":"post","2":"type-post","3":"status-publish","4":"format-standard","5":"has-post-thumbnail","7":"category-gimnasia","8":"category-otros","9":"category-tipo-noticia","10":"tag-davidmartinez","11":"tag-gimnasia"},"views":19,"_links":{"self":[{"href":"https:\/\/www.burgosdeporte.com\/index.php?rest_route=\/wp\/v2\/posts\/95371","targetHints":{"allow":["GET"]}}],"collection":[{"href":"https:\/\/www.burgosdeporte.com\/index.php?rest_route=\/wp\/v2\/posts"}],"about":[{"href":"https:\/\/www.burgosdeporte.com\/index.php?rest_route=\/wp\/v2\/types\/post"}],"author":[{"embeddable":true,"href":"https:\/\/www.burgosdeporte.com\/index.php?rest_route=\/wp\/v2\/users\/10"}],"replies":[{"embeddable":true,"href":"https:\/\/www.burgosdeporte.com\/index.php?rest_route=%2Fwp%2Fv2%2Fcomments&post=95371"}],"version-history":[{"count":0,"href":"https:\/\/www.burgosdeporte.com\/index.php?rest_route=\/wp\/v2\/posts\/95371\/revisions"}],"wp:featuredmedia":[{"embeddable":true,"href":"https:\/\/www.burgosdeporte.com\/index.php?rest_route=\/"}],"wp:attachment":[{"href":"https:\/\/www.burgosdeporte.com\/index.php?rest_route=%2Fwp%2Fv2%2Fmedia&parent=95371"}],"wp:term":[{"taxonomy":"category","embeddable":true,"href":"https:\/\/www.burgosdeporte.com\/index.php?rest_route=%2Fwp%2Fv2%2Fcategories&post=95371"},{"taxonomy":"post_tag","embeddable":true,"href":"https:\/\/www.burgosdeporte.com\/index.php?rest_route=%2Fwp%2Fv2%2Ftags&post=95371"}],"curies":[{"name":"wp","href":"https:\/\/api.w.org\/{rel}","templated":true}]}}