{"id":95322,"date":"2023-03-02T18:30:15","date_gmt":"2023-03-02T16:30:15","guid":{"rendered":"https:\/\/www.burgosdeporte.com\/?p=95322"},"modified":"2023-03-02T18:30:15","modified_gmt":"2023-03-02T16:30:15","slug":"el-club-ciudad-deportiva-de-burgos-acumula-medallas-autonomicas","status":"publish","type":"post","link":"https:\/\/www.burgosdeporte.com\/?p=95322","title":{"rendered":"El Club Ciudad Deportiva de Burgos acumula medallas auton\u00f3micas"},"content":{"rendered":"<div class=\"wp-block-image\">\n<figure class=\"aligncenter size-full\"><a href=\"http:\/\/suministrosviper.com\/\" target=\"_blank\" rel=\"noreferrer noopener\"><img decoding=\"async\" src=\"https:\/\/www.burgosdeporte.com\/wp-content\/uploads\/2019\/12\/Viper2019.gif\" alt=\"\" class=\"wp-image-32907\"\/><\/a><\/figure>\n<\/div>\n\n\n<p>La 1\u00aa Fase Liga Auton\u00f3mica de GAF, en las modalidades de suelo y salto, se celebraron el 25 y 26 de febrero de 2023, en el Pabell\u00f3n Campo de la Juventud de Palencia, el Club Ciudad Deportiva de Burgos, se colg\u00f3 un total de 57 medallas: 20 oros, 19 platas, 18 bronces, 4 primeros puestos por equipos, 4 segundos puestos por equipos y 3 terceros puestos por equipos, haciendo un total de 66 gimnastas premiadas en la clasificaci\u00f3n por equipos.<\/p>\n\n\n\n<p>Competici\u00f3n muy esperada por parte del club y sus gimnastas para medirse en la mitad de temporada de entrenamientos, y prepararse para el Auton\u00f3mico y Nacional. Se compiti\u00f3, primero, en dos categor\u00edas: Primera Divisi\u00f3n englobada por las gimnastas desde la categor\u00eda de Base 1 a Base 6 y Segunda Divisi\u00f3n con las categor\u00edas de Prebenjam\u00edn, Benjam\u00edn, Alev\u00edn, Infantil y Open.<\/p>\n\n\n\n<p>El Club Ciudad Deportiva de Burgos ten\u00eda inscritas en estas categor\u00edas un total de 55 gimnastas que se disputaban la mejor puntuaci\u00f3n para la Competici\u00f3n por equipos y en individual en los aparatos de Suelo y Salto. Se observ\u00f3 destreza en los ejercicios de suelo y gran potencial en los saltos.<\/p>\n\n\n\n<p>Las gimnastas demostraron una vez m\u00e1s la complicidad que tienen con sus t\u00e9cnicos Pilar y Jos\u00e9 Luis as\u00ed como la capacidad de emoci\u00f3n ante los ejercicios perfectamente ejecutados y viendo como sub\u00edan en las clasificaciones.<\/p>\n\n\n\n<p><strong>A nivel individual los logros fueron: <\/strong><\/p>\n\n\n\n<p><strong>Base 1:<\/strong> Mar\u00eda Nu\u00f1o Moreno 1\u00aa en salto, Gadea Olmedillo Rodr\u00edguez 1\u00aa. <\/p>\n\n\n\n<p><strong>Base 2:<\/strong> Alba Fern\u00e1ndez D\u00edaz 2\u00aa en salto y 3\u00aa en suelo, Jimena Pe\u00f1a Ortega 1\u00aa en salto. <\/p>\n\n\n\n<p><strong>Base 3:<\/strong> Adriana Ruiz Castroviejo 1\u00aa en salto, M\u00f3nica Garc\u00eda Miguel 3\u00aa en suelo. Base 4: Sonia Velasco Gonz\u00e1lez 1\u00aa en suelo y 2\u00aa en salto, Alicia Ortega Sainz 2\u00aa en suelo y 3\u00aa en salto. <\/p>\n\n\n\n<p><strong>Base 5:<\/strong> Ana Mar\u00eda L\u00f3pez Remacha 1\u00aa en suelo y 2\u00aa en salto. <\/p>\n\n\n\n<p><strong>Base 6: <\/strong>Elia P\u00e1ramo Aguilar 2\u00aa en salto y 2\u00aa en suelo, Valeria Prieto Hern\u00e1n 2\u00aa en salto. <\/p>\n\n\n\n<p><strong>Prebenjam\u00edn A:<\/strong> Clara V\u00e1zquez Mogoll\u00f3n 1\u00aa en salto y 2\u00aa en suelo, Jimena Gonz\u00e1lez P\u00e9rez 3\u00aa en salto y 3\u00aa en suelo. <\/p>\n\n\n\n<p><strong>Benjam\u00edn A<\/strong>: Emma Gonz\u00e1lez Fern\u00e1ndez 1\u00aa en salto y 2\u00aa en suelo, Claudia Bercedo Ib\u00e1\u00f1ez 1\u00aa en suelo y 3\u00aa en salto, Paula Fern\u00e1ndez Alonso 3\u00aa en suelo. Alev\u00edn A: Diana Terreros Garc\u00eda 1\u00aa en salto y 1\u00aa en suelo, Carla Palomar Ribeira 3\u00aa en salto y 3\u00aa en suelo. <\/p>\n\n\n\n<p><strong>Infantil A<\/strong>: Carla Gonz\u00e1lez Miguel 1\u00aa en salto y 2\u00aa en suelo. <\/p>\n\n\n\n<p><strong>Open A:<\/strong> Carolina Su\u00e1rez Moradillo 1\u00aa en salto y 1\u00aa en suelo, Irene Rodr\u00edguez C\u00e1ceres 2\u00aa en salto, Irene Llarena Moral 3\u00aa en salto y 3\u00aa el suelo, Manuela Castro Nieto 2\u00aa en suelo.<\/p>\n\n\n\n<p><strong>CLASIFICACION POR EQUIPOS<\/strong><\/p>\n\n\n\n<p><strong>Primera Divisi\u00f3n B:<\/strong><\/p>\n\n\n\n<p><strong>Primer Club de Castilla y Le\u00f3n en suelo <\/strong>con el equipo formado por: Valeria Prieto Hern\u00e1n \/ Elia P\u00e1ramo Aguilar \/ Adriana Ruiz Castroviejo \/ M\u00f3nica Garc\u00eda Miguel \/ Ana Mar\u00eda L\u00f3pez Remacha y Jimena Pe\u00f1a Ortega. &#8211;<\/p>\n\n\n\n<p><strong>\u00a0Segundas en Salto <\/strong>el equipo formado por: Valeria Prieto Hern\u00e1n \/ Elia P\u00e1ramo Aguilar \/ Adriana Ruiz Castroviejo \/ M\u00f3nica Garc\u00eda Miguel \/ Ana Mar\u00eda L\u00f3pez Remacha y Jimena Pe\u00f1a Ortega. &#8211;<\/p>\n\n\n\n<p><strong>Terceras en salto<\/strong> el equipo formado por: Mar\u00eda Nu\u00f1o Moreno \/ Alba Fern\u00e1ndez Diez \/ Manuela Rodr\u00edguez Pinillos \/ Julia V\u00e1zquez Mogoll\u00f3n \/Ariadna Ord\u00f3\u00f1ez Navarro \/ Sara Andr\u00e9s Guerra y Valeria Ruiz Castroviejo.<\/p>\n\n\n\n<p><strong>Segunda Divisi\u00f3n A:<\/strong><\/p>\n\n\n\n<p><strong>&#8211; Primer Club de Castilla y Le\u00f3n en salto <\/strong>con el equipo compuesto por: Carla Gonz\u00e1lez Miguel \/ Carolina Su\u00e1rez Moradillo \/ Clara V\u00e1zquez Mogoll\u00f3n \/ Claudia Bercedo Ib\u00e1\u00f1ez \/ Diana Terreros Garc\u00eda y Manuela Castro Nieto. &#8211;<\/p>\n\n\n\n<p><strong>Segundas en salto<\/strong> el equipo formado por: Emma Gonz\u00e1lez Fern\u00e1ndez \/ Irene Llarena Moral \/ Jimena Gonz\u00e1lez P\u00e9rez \/ Paula Fern\u00e1ndez Alonso \/ Carla Palomar y Paula Pe\u00f1a Ortega. &#8211;<\/p>\n\n\n\n<p><strong>Primer Club de Castilla y Le\u00f3n en suel<\/strong>o con el equipo formado por: Carla Gonz\u00e1lez Miguel \/ Carolina Su\u00e1rez Moradillo \/ Clara V\u00e1zquez Mogoll\u00f3n \/ Claudia Bercedo Ib\u00e1\u00f1ez y Manuela Castro Nieto. <\/p>\n\n\n\n<p><strong>Segundas en Suelo el equipo formado por<\/strong>: Emma Gonz\u00e1lez Fern\u00e1ndez \/ Irene Llarena Moral \/ Jimena Gonz\u00e1lez P\u00e9rez \/ Paula Fern\u00e1ndez Alonso y Paula Pe\u00f1a Ortega.<\/p>\n\n\n\n<p>La tarde de esta jornada de liga hizo vibrar a toda la grada y seguidores del Club Ciudad Deportiva de Burgos, que ve\u00edan c\u00f3mo sus gimnastas hab\u00edan conseguido unas clasificaciones espectaculares.<\/p>\n\n\n\n<figure class=\"wp-block-image size-full\"><img decoding=\"async\" src=\"https:\/\/www.burgosdeporte.com\/wp-content\/uploads\/2023\/03\/25-y-26-02-2023-1a-Fase-Liga-GAF-Palencia-2.jpg\" alt=\"\" class=\"wp-image-95361\"\/><figcaption class=\"wp-element-caption\">Plantel de gimnastas del Club Ciudad Deportiva en esta competici\u00f3n en Palencia<\/figcaption><\/figure>\n\n\n\n<p>Al d\u00eda siguiente, se retomaba la segunda jornada de la Liga con la Primera Divisi\u00f3n A, que englobada por las gimnastas desde la Categor\u00eda Base 8 a Base 10 y Segunda Divisi\u00f3n B con las categor\u00edas Prebenjam\u00edn, Benjam\u00edn, Alev\u00edn e Infantil.<\/p>\n\n\n\n<p>Esta jornada arrancaba con el sobresaliente sabor en la boca de los triunfos logrados en la jornada del d\u00eda anterior. Se pudo ver que en algunos ejercicios de suelo se ha cambiado el estilo, arriesgando, y&nbsp; que en el aparato de salto, la dificultad era lo que m\u00e1s destacaba.<\/p>\n\n\n\n<p>El club y sus gimnastas nuevamente demostraron el trabajo recorrido desde el inicio de la temporada, consiguiendo los logros individuales para llevar a lo m\u00e1s alto a su equipo con sus 20 gimnastas inscritas en estas categor\u00edas.<\/p>\n\n\n\n<p><strong>A nivel individual estos fueron los resultados: <\/strong><\/p>\n\n\n\n<p><strong>Base 8<\/strong>: Daniela L\u00f3pez Rodr\u00edguez 2\u00aa en salto y 2\u00aa en suelo.<\/p>\n\n\n\n<p><strong>Base 9:<\/strong> Claudia Mart\u00ednez Azn\u00e1rez 2\u00aa en suelo y 5\u00aa en salto.<\/p>\n\n\n\n<p><strong>Base 10:<\/strong> Alba Gonz\u00e1lez Portillo 2\u00aa en suelo y 3\u00aa en salto.<\/p>\n\n\n\n<p><strong>Prebenjam\u00edn B<\/strong>: Blanca Alcalde \u00c1lvaro 1\u00aa en suelo, y Elsa P\u00e9rez Cardero 1\u00aa en suelo.<\/p>\n\n\n\n<p><strong>Benjam\u00edn B:<\/strong> Mara \u00c1lvarez Rio 1\u00aa en salto y 2\u00aa en suelo, Natalia Herranz Requejo 2\u00aa en salto y 3\u00aa en suelo, Amaya Vivar Sacrist\u00e1n 2\u00aa en salto y 1\u00aa en suelo y Mar\u00eda Quijano L\u00f3pez 3\u00aa en salto. Alev\u00edn B: Marina San Mart\u00edn Diez-Delgado 3\u00aa en salto y 3\u00aa en suelo.<\/p>\n\n\n\n<p><strong>Infantil B:<\/strong> Aitana Ar\u00e9valo S\u00e1enz de Cabez\u00f3n 1\u00aa en salto, Cayetana Manzanal Garrido 3\u00aa en salto, Ir\u00eda Santamar\u00eda Ca\u00f1adilla 1\u00aa en suelo, y Paula Villafranca Ramos 3\u00aa en suelo.<\/p>\n\n\n\n<p><strong>CLASIFICACION POR EQUIPOS<\/strong>:<\/p>\n\n\n\n<p><strong>&nbsp;Primera divisi\u00f3n A: &#8211;<\/strong><\/p>\n\n\n\n<p><strong>Terceras en Suelo y Salto<\/strong> para el equipo compuesto por: Daniela L\u00f3pez Rodr\u00edguez \/ Claudia Mart\u00ednez Azn\u00e1rez \/ Alba Gonz\u00e1lez Portillo y Amelia Ord\u00f3\u00f1ez Navarro.<\/p>\n\n\n\n<p><strong>Segunda divisi\u00f3n B: &#8211;<\/strong><\/p>\n\n\n\n<p><strong>&nbsp;Primer Club de Castilla y Le\u00f3n en suelo<\/strong> con el equipo compuesto por: Elsa P\u00e9rez Cardero \/ Nerea Mansilla Mateos \/ Amaya Vivar Sacrist\u00e1n \/ Lucia Guilarte Villamudria \/ Ana Diez Diez y Paula Villafranca Ramos. &#8211;<\/p>\n\n\n\n<p><strong>Segunda posici\u00f3n en suelo para el equipo formado por<\/strong>: Blanca Alcalde \u00c1lvaro \/ Natalia Herranz Requejo \/ Mara \u00c1lvarez R\u00edo \/ Marina San Mart\u00edn Diez-Delgado \/ Ir\u00eda Santamar\u00eda Ca\u00f1adilla y Aitana Ar\u00e9valo S\u00e1enz de Cabez\u00f3n.<\/p>\n\n\n\n<p>En esta primera fase, el club burgal\u00e9s consigui\u00f3 un total de 57 medallas por individual y 66 medallas por equipos y con la gran satisfacci\u00f3n reflejada por sus entrenadores Mar\u00eda Pilar Sancho Garc\u00eda y Jos\u00e9 Luis S\u00e1nchez Santamar\u00eda, que salieron muy emocionados del pabell\u00f3n aclamados por todo su club, pero sabiendo que tienen que seguir trabajando duro para las siguientes fases y competiciones.<\/p>\n\n\n<div class=\"wp-block-image\">\n<figure class=\"aligncenter size-full\"><a href=\"http:\/\/suministrosviper.com\/\" target=\"_blank\" rel=\"noreferrer noopener\"><img decoding=\"async\" src=\"https:\/\/www.burgosdeporte.com\/wp-content\/uploads\/2019\/12\/Viper2019.gif\" alt=\"\" class=\"wp-image-32907\"\/><\/a><\/figure>\n<\/div>","protected":false},"excerpt":{"rendered":"<p>La 1\u00aa Fase Liga Auton\u00f3mica de GAF, en las modalidades de suelo y salto, se celebraron el 25 y 26 de febrero de 2023, en el Pabell\u00f3n Campo de la Juventud de Palencia, el Club Ciudad Deportiva de Burgos, se colg\u00f3 un total de 57 medallas: 20 oros, 19 platas, 18 bronces, 4 primeros puestos [&hellip;]<\/p>\n","protected":false},"author":10,"featured_media":95323,"comment_status":"closed","ping_status":"closed","sticky":false,"template":"","format":"standard","meta":{"_monsterinsights_skip_tracking":false,"_monsterinsights_sitenote_active":false,"_monsterinsights_sitenote_note":"","_monsterinsights_sitenote_category":0,"footnotes":""},"categories":[191,15,8],"tags":[289,192],"class_list":{"0":"post-95322","1":"post","2":"type-post","3":"status-publish","4":"format-standard","5":"has-post-thumbnail","7":"category-gimnasia","8":"category-otros","9":"category-tipo-noticia","10":"tag-clubciudaddeportivadeburgos","11":"tag-gimnasia"},"views":22,"_links":{"self":[{"href":"https:\/\/www.burgosdeporte.com\/index.php?rest_route=\/wp\/v2\/posts\/95322","targetHints":{"allow":["GET"]}}],"collection":[{"href":"https:\/\/www.burgosdeporte.com\/index.php?rest_route=\/wp\/v2\/posts"}],"about":[{"href":"https:\/\/www.burgosdeporte.com\/index.php?rest_route=\/wp\/v2\/types\/post"}],"author":[{"embeddable":true,"href":"https:\/\/www.burgosdeporte.com\/index.php?rest_route=\/wp\/v2\/users\/10"}],"replies":[{"embeddable":true,"href":"https:\/\/www.burgosdeporte.com\/index.php?rest_route=%2Fwp%2Fv2%2Fcomments&post=95322"}],"version-history":[{"count":0,"href":"https:\/\/www.burgosdeporte.com\/index.php?rest_route=\/wp\/v2\/posts\/95322\/revisions"}],"wp:featuredmedia":[{"embeddable":true,"href":"https:\/\/www.burgosdeporte.com\/index.php?rest_route=\/"}],"wp:attachment":[{"href":"https:\/\/www.burgosdeporte.com\/index.php?rest_route=%2Fwp%2Fv2%2Fmedia&parent=95322"}],"wp:term":[{"taxonomy":"category","embeddable":true,"href":"https:\/\/www.burgosdeporte.com\/index.php?rest_route=%2Fwp%2Fv2%2Fcategories&post=95322"},{"taxonomy":"post_tag","embeddable":true,"href":"https:\/\/www.burgosdeporte.com\/index.php?rest_route=%2Fwp%2Fv2%2Ftags&post=95322"}],"curies":[{"name":"wp","href":"https:\/\/api.w.org\/{rel}","templated":true}]}}