{"id":94703,"date":"2023-02-22T18:46:09","date_gmt":"2023-02-22T16:46:09","guid":{"rendered":"https:\/\/www.burgosdeporte.com\/?p=94703"},"modified":"2023-02-22T18:46:09","modified_gmt":"2023-02-22T16:46:09","slug":"premios-burgaleses-en-la-gala-regional-de-gimnasia","status":"publish","type":"post","link":"https:\/\/www.burgosdeporte.com\/?p=94703","title":{"rendered":"Premios burgaleses en la gala regional de gimnasia"},"content":{"rendered":"<div class=\"wp-block-image\">\n<figure class=\"aligncenter size-full\"><a href=\"https:\/\/castillafloristeria.com\/\" target=\"_blank\" rel=\"noreferrer noopener\"><img decoding=\"async\" src=\"https:\/\/www.burgosdeporte.com\/wp-content\/uploads\/2020\/02\/FCastilla_2020.gif\" alt=\"\" class=\"wp-image-37529\"\/><\/a><\/figure>\n<\/div>\n\n\n<p>Varios burgaleses fueron galardonados en la XVI Gala de la Federaci\u00f3n de Gimnasia de Castilla y Le\u00f3n que tuvo lugar en el Auditorio Casa de las Artes de Laguna de Duero, en Valladolid, donde se reconocieron los \u00e9xitos de los gimnastas que han conseguido medallas en los Campeonatos de Espa\u00f1a de Gimnasia durante el a\u00f1o 2022, as\u00ed como los gimnastas internacionales.<\/p>\n\n\n\n<p>La ceremonia reconoci\u00f3 la labor del entrenador de gimnasia art\u00edstica femenina Jos\u00e9 Luis Guti\u00e9rrez D\u00edaz a lo largo de toda su trayectoria como parte de la Delegaci\u00f3n de Burgos, en una vida dedicada a la gimnasia.<\/p>\n\n\n\n<p>Por parte del Club Gimnasia Burgos, recibieron premio catorce 14 gimnastas. Doce de ellos (Sara Santill\u00e1n, Alba Moreno, Elena Santill\u00e1n, Iris Ventura, Jimena Barrios, Adri\u00e1n P\u00e9rez, Luc\u00eda Ferrero, Jimena Ruiz, Andrea Mart\u00ednez, Paula V\u00e1zquez, Rodrigo Mart\u00ednez y Alejandro Mart\u00ednez) en la modalidad de Trampol\u00edn por sus resultados en los campeonatos nacionales.<\/p>\n\n\n\n<p>Tres reconocimientos fueron para los gimnastas internacionales Adri\u00e1n P\u00e9rez, Martina Moradillo y Javier Mart\u00ednez, todos ellos por su participaci\u00f3n en el mundial de edades de trampol\u00edn y, adem\u00e1s, Javier por su participaci\u00f3n en el Europeo j\u00fanior de doble-minitramp.<\/p>\n\n\n\n<figure class=\"wp-block-image size-full is-resized\"><img loading=\"lazy\" decoding=\"async\" src=\"https:\/\/www.burgosdeporte.com\/wp-content\/uploads\/2023\/02\/Galardonadas-Club-Ciudad-Deportiva-de-Burgos.jpg\" alt=\"\" class=\"wp-image-94704\" width=\"984\" height=\"610\"\/><figcaption class=\"wp-element-caption\">Las deportistas premiadas del Club Ciudad Deportiva de Burgos.<\/figcaption><\/figure>\n\n\n\n<p>Igualmente, el Club Ciudad Deportiva de Burgos tuvo sus reconocimientos para las gimnastas Claudia Mart\u00ednez (Campeona de Espa\u00f1a en Tumbling Nivel 6), Ana Mar\u00eda L\u00f3pez (Campeona de Espa\u00f1a en Tumbling Nivel 4), Alba Gonz\u00e1lez (3\u00aa de Espa\u00f1a en Tumbling Nivel 6), Mar\u00eda Gonz\u00e1lez (Subcampeona de Espa\u00f1a en Tumbling Nivel 3 y Campeona de Espa\u00f1a por Equipos en Tumbling), Natalia Palomero (3\u00aa de Espa\u00f1a en Tumbling Nivel 3 y Campeona de Espa\u00f1a por Equipos en Tumbling), \u00c1ngela Ruiz (Campeona de Espa\u00f1a por Equipos en Tumbling) y Carmen Elena Busto de Lara (Campeona de Espa\u00f1a por Equipos en Tumbling.<\/p>\n\n\n<div class=\"wp-block-image\">\n<figure class=\"aligncenter size-full\"><a href=\"https:\/\/castillafloristeria.com\/\" target=\"_blank\" rel=\"noreferrer noopener\"><img decoding=\"async\" src=\"https:\/\/www.burgosdeporte.com\/wp-content\/uploads\/2020\/02\/FCastilla_2020.gif\" alt=\"\" class=\"wp-image-37529\"\/><\/a><\/figure>\n<\/div>","protected":false},"excerpt":{"rendered":"<p>Varios burgaleses fueron galardonados en la XVI Gala de la Federaci\u00f3n de Gimnasia de Castilla y Le\u00f3n que tuvo lugar en el Auditorio Casa de las Artes de Laguna de Duero, en Valladolid, donde se reconocieron los \u00e9xitos de los gimnastas que han conseguido medallas en los Campeonatos de Espa\u00f1a de Gimnasia durante el a\u00f1o [&hellip;]<\/p>\n","protected":false},"author":10,"featured_media":94705,"comment_status":"closed","ping_status":"closed","sticky":false,"template":"","format":"standard","meta":{"_monsterinsights_skip_tracking":false,"_monsterinsights_sitenote_active":false,"_monsterinsights_sitenote_note":"","_monsterinsights_sitenote_category":0,"footnotes":""},"categories":[191,15,8],"tags":[289,278,290,192],"class_list":{"0":"post-94703","1":"post","2":"type-post","3":"status-publish","4":"format-standard","5":"has-post-thumbnail","7":"category-gimnasia","8":"category-otros","9":"category-tipo-noticia","10":"tag-clubciudaddeportivadeburgos","11":"tag-clubgimnasiaburgos","12":"tag-galacylgimnasia","13":"tag-gimnasia"},"views":18,"_links":{"self":[{"href":"https:\/\/www.burgosdeporte.com\/index.php?rest_route=\/wp\/v2\/posts\/94703","targetHints":{"allow":["GET"]}}],"collection":[{"href":"https:\/\/www.burgosdeporte.com\/index.php?rest_route=\/wp\/v2\/posts"}],"about":[{"href":"https:\/\/www.burgosdeporte.com\/index.php?rest_route=\/wp\/v2\/types\/post"}],"author":[{"embeddable":true,"href":"https:\/\/www.burgosdeporte.com\/index.php?rest_route=\/wp\/v2\/users\/10"}],"replies":[{"embeddable":true,"href":"https:\/\/www.burgosdeporte.com\/index.php?rest_route=%2Fwp%2Fv2%2Fcomments&post=94703"}],"version-history":[{"count":0,"href":"https:\/\/www.burgosdeporte.com\/index.php?rest_route=\/wp\/v2\/posts\/94703\/revisions"}],"wp:featuredmedia":[{"embeddable":true,"href":"https:\/\/www.burgosdeporte.com\/index.php?rest_route=\/"}],"wp:attachment":[{"href":"https:\/\/www.burgosdeporte.com\/index.php?rest_route=%2Fwp%2Fv2%2Fmedia&parent=94703"}],"wp:term":[{"taxonomy":"category","embeddable":true,"href":"https:\/\/www.burgosdeporte.com\/index.php?rest_route=%2Fwp%2Fv2%2Fcategories&post=94703"},{"taxonomy":"post_tag","embeddable":true,"href":"https:\/\/www.burgosdeporte.com\/index.php?rest_route=%2Fwp%2Fv2%2Ftags&post=94703"}],"curies":[{"name":"wp","href":"https:\/\/api.w.org\/{rel}","templated":true}]}}