{"id":90961,"date":"2022-12-23T21:42:27","date_gmt":"2022-12-23T19:42:27","guid":{"rendered":"https:\/\/www.burgosdeporte.com\/?p=90961"},"modified":"2022-12-23T21:42:27","modified_gmt":"2022-12-23T19:42:27","slug":"nuevos-tiempos-para-el-hereda-san-pablo","status":"publish","type":"post","link":"https:\/\/www.burgosdeporte.com\/?p=90961","title":{"rendered":"Nuevos tiempos para el Hereda San Pablo"},"content":{"rendered":"\n<h2 class=\"wp-block-heading\">La llegada de Curro Segura abre un nuevo proyecto manteniendo el reto de un ascenso que parece complicado.<\/h2>\n\n\n<div class=\"wp-block-image\">\n<figure class=\"aligncenter size-full\"><img decoding=\"async\" src=\"https:\/\/www.burgosdeporte.com\/wp-content\/uploads\/2022\/06\/NissanTownstar-300x250-BurgosDeporte-2.gif\" alt=\"\" class=\"wp-image-77466\"\/><\/figure>\n<\/div>\n\n\n<p>Poco m\u00e1s de once meses ha durado la aventura de Paco Olmos al frente del banquillo del Hereda San Pablo. Un fichaje que levant\u00f3 ampollas en el mundo del baloncesto y que no sirvi\u00f3 para el principal objetivo en su momento que era salvar la categor\u00eda. Adem\u00e1s, dej\u00f3 muchas dudas en el aficionado burgal\u00e9s, pues el equip\u00f3 en el tramo final del campeonato tir\u00f3 por la borda partidos que ten\u00eda en su mano, como sucedi\u00f3 ante Obradorio y Andorra, y en el \u00faltimo compromiso de la campa\u00f1a el equipo no fue m\u00e1s que una sombra de lo que se esperaba de \u00e9l.<\/p>\n\n\n\n<p>Con el descenso, para sorpresa de algunos, el conjunto burgal\u00e9s decidi\u00f3 mantener al t\u00e9cnico valenciano al frente de la nave azulona para iniciar el denominado \u201ccamino de vuelta\u201d. Para ello confeccion\u00f3 una plantilla de relumbr\u00f3n con un presupuesto estratosf\u00e9rico para la categor\u00eda. Sin embargo, la pretemporada ya dio alertas de que los burgaleses distaban mucho de engranar todas y cada una de las piezas para convertirse en el equipo referencia de la categor\u00eda. Y digo equipo porque solamente con nombres no se ganan los partidos. Las individualidades pueden salvar encuentros s\u00ed, pero si no est\u00e1n conjuntadas como es debido tarde o temprano terminan por salir a escena las carencias de cada una de ellas.<\/p>\n\n\n\n<p>Y eso es lo que le ha sucedido al equipo burgal\u00e9s. Para un conjunto que aspira al ascenso directo, los compromisos ante los que se pueden denominar rivales de su liga han supuesto batacazo tras batacazo. Ni ante Valladolid ni Andorra hubo opci\u00f3n alguna de luchar por la victoria, y contra Palencia el buen trabajo de veinte minutos se fue al traste con una segunda parte nefasta. Esta \u00faltima derrota es la que termin\u00f3 de provocar la destituci\u00f3n del entrenador, si bien no fue la \u00faltima del equipo, pues en Ourense, bajo el mando de Oriol Comas, el equipo no solo volvi\u00f3 a caer derrotado sino que fue un equipo sin idea alguna sobre el parquet.<\/p>\n\n\n\n<p>No menos cierto es que no se deben cargar todas las tintas sobre el entrenador, pues determinados jugadores no est\u00e1n cumpliendo ese papel determinante para el que fueron fichados, alguno de los cuales, como el caso de Mahalbasic, van de m\u00e1s a menos a cada jornada que transcurre. Tambi\u00e9n ocurre con la direcci\u00f3n deportiva, que tuvo que poner remedio una vez iniciada la campa\u00f1a al puesto de uno con el fichaje de Luka Rupnik. Un fichaje que, por cierto, no ser\u00e1 el \u00faltimo del conjunto burgal\u00e9s esta temporada.<\/p>\n\n\n\n<p>Para reemplazar a Olmos se ha confiado en Curro Segura, un t\u00e9cnico que ya sabe lo que es ascender&nbsp; a Liga ACB, pues lo ha logrado nada menos que en tres ocasiones. Nuevos aires para un Hereda San Pablo que en el mes de Diciembre debe cambiar ya por completo el objetivo de la temporada. Con la situaci\u00f3n actual de la clasificaci\u00f3n, con cinco derrotas, y tal como est\u00e1n los dos conjuntos que lideran la misma, alcanzar la primera posici\u00f3n es una quimera a d\u00eda de hoy. Por ello, se podr\u00eda decir que comienza una nueva temporada para el conjunto de la ribera del Arlanz\u00f3n, pues no solo debe lograr meterse en el Play Off lo m\u00e1s arriba posible sino que debe llegar a los meses de Mayo y Junio en el punto \u00f3ptimo tanto f\u00edsica como mentalmente para afrontar el mismo.<\/p>\n\n\n\n<p>Mucho trabajo el que tiene por delante el t\u00e9cnico granadino, que debe levantar a una plantilla baja de \u00e1nimo y de baloncesto para continuar peleando por el objetivo, y no olvidemos que para empezar el a\u00f1o tiene tres compromisos m\u00e1s que complicados el equipo azul\u00f3n. Ser\u00e1 una piedra de toque para el nuevo t\u00e9cnico, quien tambi\u00e9n tendr\u00e1 que manejar los posibles cambios que sufrir\u00e1 la plantilla.<\/p>\n\n\n\n<p>Nadie dijo que ese camino de vuelta no estuviese lleno de obst\u00e1culos, pero muy pronto nos hemos visto tremendamente rezagados en el mismo. Ahora no queda otra alternativa que replantear la temporada y empezar a sentar las bases para crear ese equipo que debe disputar un playoff que, ojala, devuelva la sonrisa al aficionado burgal\u00e9s.<\/p>\n","protected":false},"excerpt":{"rendered":"<p>La llegada de Curro Segura abre un nuevo proyecto manteniendo el reto de un ascenso que parece complicado. Poco m\u00e1s de once meses ha durado la aventura de Paco Olmos al frente del banquillo del Hereda San Pablo. Un fichaje que levant\u00f3 ampollas en el mundo del baloncesto y que no sirvi\u00f3 para el principal [&hellip;]<\/p>\n","protected":false},"author":8,"featured_media":89622,"comment_status":"closed","ping_status":"closed","sticky":false,"template":"","format":"standard","meta":{"_monsterinsights_skip_tracking":false,"_monsterinsights_sitenote_active":false,"_monsterinsights_sitenote_note":"","_monsterinsights_sitenote_category":0,"footnotes":""},"categories":[5,14,8],"tags":[61,13,9],"class_list":{"0":"post-90961","1":"post","2":"type-post","3":"status-publish","4":"format-standard","5":"has-post-thumbnail","7":"category-baloncesto","8":"category-opinion","9":"category-tipo-noticia","10":"tag-leboro","11":"tag-opinion","12":"tag-sanpabloburgos"},"views":60,"_links":{"self":[{"href":"https:\/\/www.burgosdeporte.com\/index.php?rest_route=\/wp\/v2\/posts\/90961","targetHints":{"allow":["GET"]}}],"collection":[{"href":"https:\/\/www.burgosdeporte.com\/index.php?rest_route=\/wp\/v2\/posts"}],"about":[{"href":"https:\/\/www.burgosdeporte.com\/index.php?rest_route=\/wp\/v2\/types\/post"}],"author":[{"embeddable":true,"href":"https:\/\/www.burgosdeporte.com\/index.php?rest_route=\/wp\/v2\/users\/8"}],"replies":[{"embeddable":true,"href":"https:\/\/www.burgosdeporte.com\/index.php?rest_route=%2Fwp%2Fv2%2Fcomments&post=90961"}],"version-history":[{"count":0,"href":"https:\/\/www.burgosdeporte.com\/index.php?rest_route=\/wp\/v2\/posts\/90961\/revisions"}],"wp:featuredmedia":[{"embeddable":true,"href":"https:\/\/www.burgosdeporte.com\/index.php?rest_route=\/"}],"wp:attachment":[{"href":"https:\/\/www.burgosdeporte.com\/index.php?rest_route=%2Fwp%2Fv2%2Fmedia&parent=90961"}],"wp:term":[{"taxonomy":"category","embeddable":true,"href":"https:\/\/www.burgosdeporte.com\/index.php?rest_route=%2Fwp%2Fv2%2Fcategories&post=90961"},{"taxonomy":"post_tag","embeddable":true,"href":"https:\/\/www.burgosdeporte.com\/index.php?rest_route=%2Fwp%2Fv2%2Ftags&post=90961"}],"curies":[{"name":"wp","href":"https:\/\/api.w.org\/{rel}","templated":true}]}}