{"id":89007,"date":"2022-11-23T20:36:08","date_gmt":"2022-11-23T18:36:08","guid":{"rendered":"https:\/\/www.burgosdeporte.com\/?p=89007"},"modified":"2022-11-23T20:36:08","modified_gmt":"2022-11-23T18:36:08","slug":"los-burgaleses-del-cgb-debutan-este-jueves-en-el-mundial-de-trampolin","status":"publish","type":"post","link":"https:\/\/www.burgosdeporte.com\/?p=89007","title":{"rendered":"Los burgaleses del CGB debutan este jueves en el Mundial de Trampol\u00edn"},"content":{"rendered":"<div class=\"wp-block-image\">\n<figure class=\"aligncenter size-full\"><a href=\"https:\/\/www.facebook.com\/MODA-HOMBRE-YOU-TOO-137135699641697\/\" target=\"_blank\" rel=\"noreferrer noopener\"><img decoding=\"async\" src=\"https:\/\/www.burgosdeporte.com\/wp-content\/uploads\/2019\/11\/youtoo.gif\" alt=\"\" class=\"wp-image-32589\"\/><\/a><\/figure>\n<\/div>\n\n\n<p>Los gimnastas del Club Gimnasia Burgos (CGB) debutar\u00e1n este jueves en el Mundial de edades de Trampol\u00edn que se est\u00e1 disputando en Sof\u00eda (Bulgaria). Desde el lunes, el equipo burgal\u00e9s se encuentra en la capital b\u00falgara realizando los entrenamientos oficiales y ma\u00f1ana comenzar\u00e1 la competici\u00f3n.<\/p>\n\n\n\n<p>El primero en competir ser\u00e1 Adri\u00e1n P\u00e9rez en doble-minitramp en categor\u00eda 11-12, que competir\u00e1 ma\u00f1ana jueves. El actual campe\u00f3n de Espa\u00f1a en esta modalidad, espera tener una buena actuaci\u00f3n y ejecutar bien sus dos pases en este su primer mundial.<\/p>\n\n\n\n<p>La segunda en competir ser\u00e1 Martina Moradillo que lo har\u00e1 el viernes en categor\u00eda 13-14, tambi\u00e9n en la modalidad de doble-minitramp. Para ella tambi\u00e9n ser\u00e1 su primer mundial, el a\u00f1o pasado ya se clasific\u00f3 para esta competici\u00f3n, pero las restricciones COVID le impidieron participar, por lo que ahora est\u00e1 con ganas de competir y disfrutar de la experiencia.<\/p>\n\n\n\n<p>El \u00faltimo en competir ser\u00e1 el mayor de la expedici\u00f3n burgalesa, Javier Mart\u00ednez, gimnasta que ya acudi\u00f3 con la selecci\u00f3n nacional j\u00fanior al Campeonato de Europa celebrado en Rimini en el mes de junio y ahora debutar\u00e1 en su primer mundial en categor\u00eda 15-16 en doble-minitramp.<\/p>\n\n\n\n<p>Este gimnasta lleg\u00f3 al mundial recuper\u00e1ndose de un esguince y a pesar de sus molestias espera poder competir a un buen nivel y realizar sus ejercicios. Su entrenadora M\u00f3nica Antol\u00edn espera realicen todos una buena competici\u00f3n y disfruten de esta experiencia con los mejores gimnastas a nivel mundial.<\/p>\n\n\n<div class=\"wp-block-image\">\n<figure class=\"aligncenter size-full\"><a href=\"https:\/\/www.facebook.com\/MODA-HOMBRE-YOU-TOO-137135699641697\/\" target=\"_blank\" rel=\"noreferrer noopener\"><img decoding=\"async\" src=\"https:\/\/www.burgosdeporte.com\/wp-content\/uploads\/2019\/11\/youtoo.gif\" alt=\"\" class=\"wp-image-32589\"\/><\/a><\/figure>\n<\/div>","protected":false},"excerpt":{"rendered":"<p>Los gimnastas del Club Gimnasia Burgos (CGB) debutar\u00e1n este jueves en el Mundial de edades de Trampol\u00edn que se est\u00e1 disputando en Sof\u00eda (Bulgaria). Desde el lunes, el equipo burgal\u00e9s se encuentra en la capital b\u00falgara realizando los entrenamientos oficiales y ma\u00f1ana comenzar\u00e1 la competici\u00f3n. El primero en competir ser\u00e1 Adri\u00e1n P\u00e9rez en doble-minitramp en [&hellip;]<\/p>\n","protected":false},"author":10,"featured_media":89008,"comment_status":"closed","ping_status":"closed","sticky":false,"template":"","format":"standard","meta":{"_monsterinsights_skip_tracking":false,"_monsterinsights_sitenote_active":false,"_monsterinsights_sitenote_note":"","_monsterinsights_sitenote_category":0,"footnotes":""},"categories":[191,15,8],"tags":[278,192],"class_list":{"0":"post-89007","1":"post","2":"type-post","3":"status-publish","4":"format-standard","5":"has-post-thumbnail","7":"category-gimnasia","8":"category-otros","9":"category-tipo-noticia","10":"tag-clubgimnasiaburgos","11":"tag-gimnasia"},"views":17,"_links":{"self":[{"href":"https:\/\/www.burgosdeporte.com\/index.php?rest_route=\/wp\/v2\/posts\/89007","targetHints":{"allow":["GET"]}}],"collection":[{"href":"https:\/\/www.burgosdeporte.com\/index.php?rest_route=\/wp\/v2\/posts"}],"about":[{"href":"https:\/\/www.burgosdeporte.com\/index.php?rest_route=\/wp\/v2\/types\/post"}],"author":[{"embeddable":true,"href":"https:\/\/www.burgosdeporte.com\/index.php?rest_route=\/wp\/v2\/users\/10"}],"replies":[{"embeddable":true,"href":"https:\/\/www.burgosdeporte.com\/index.php?rest_route=%2Fwp%2Fv2%2Fcomments&post=89007"}],"version-history":[{"count":0,"href":"https:\/\/www.burgosdeporte.com\/index.php?rest_route=\/wp\/v2\/posts\/89007\/revisions"}],"wp:featuredmedia":[{"embeddable":true,"href":"https:\/\/www.burgosdeporte.com\/index.php?rest_route=\/"}],"wp:attachment":[{"href":"https:\/\/www.burgosdeporte.com\/index.php?rest_route=%2Fwp%2Fv2%2Fmedia&parent=89007"}],"wp:term":[{"taxonomy":"category","embeddable":true,"href":"https:\/\/www.burgosdeporte.com\/index.php?rest_route=%2Fwp%2Fv2%2Fcategories&post=89007"},{"taxonomy":"post_tag","embeddable":true,"href":"https:\/\/www.burgosdeporte.com\/index.php?rest_route=%2Fwp%2Fv2%2Ftags&post=89007"}],"curies":[{"name":"wp","href":"https:\/\/api.w.org\/{rel}","templated":true}]}}