{"id":88593,"date":"2022-11-18T14:02:45","date_gmt":"2022-11-18T12:02:45","guid":{"rendered":"https:\/\/www.burgosdeporte.com\/?p=88593"},"modified":"2022-11-18T14:02:45","modified_gmt":"2022-11-18T12:02:45","slug":"presencia-del-club-gimnasia-burgos-en-las-competiciones-nacionales","status":"publish","type":"post","link":"https:\/\/www.burgosdeporte.com\/?p=88593","title":{"rendered":"Presencia del Club Gimnasia Burgos en las competiciones nacionales"},"content":{"rendered":"<div class=\"wp-block-image\">\n<figure class=\"aligncenter size-full\"><a href=\"http:\/\/suministrosviper.com\/\" target=\"_blank\" rel=\"noreferrer noopener\"><img decoding=\"async\" src=\"https:\/\/www.burgosdeporte.com\/wp-content\/uploads\/2019\/12\/Viper2019.gif\" alt=\"\" class=\"wp-image-32907\"\/><\/a><\/figure>\n<\/div>\n\n\n<p>Se celebr\u00f3 en Jerez de la Frontera el Campeonato de Espa\u00f1a Base y la 3\u00aa Copa de Espa\u00f1a de conjuntos. A ambos campeonatos acudieron dos conjuntos del Club Gimnasia Burgos, el conjunto juvenil y conjunto infantil.<\/p>\n\n\n\n<p>Al Nacional Base de conjuntos Base acudi\u00f3 el conjunto juvenil base formado por cinco gimnastas: Carla Medina, Natalia M\u00e1rquez, Paula D\u00edaz, Roc\u00edo Vitores y Silvia Garc\u00eda, que compiti\u00f3 con un ejercicio de aros y mazas. Despu\u00e9s de m\u00e1s de un a\u00f1o sin competir a nivel nacional por una lesi\u00f3n, consiguieron defender su ejercicio y volver a casa para seguir luchando por nuevas metas.<\/p>\n\n\n\n<figure class=\"wp-block-image size-full\"><img decoding=\"async\" src=\"https:\/\/www.burgosdeporte.com\/wp-content\/uploads\/2022\/11\/Conjunto-infantil-Club-Gimnasia-Burgos-1.jpg\" alt=\"\" class=\"wp-image-88595\"\/><\/figure>\n\n\n\n<p>En la 3\u00aa Fase de la Copa de Espa\u00f1a el CGB compiti\u00f3 con el conjunto infantil absoluto de 5 cuerdas compuesto por: Andrea M\u00e1rquez, Ariadne Rojo, Eva Velasco, Irene Mi\u00f1\u00f3n, Jara Molinero y Paola Sadornil. Este equipo consigui\u00f3 una magnifica 15\u00aa posici\u00f3n tras una de sus mejores ejecuciones en un campeonato de Espa\u00f1a.<\/p>\n\n\n\n<p>El conjunto infantil tendr\u00e1 la oportunidad de mejorar su resultado en el pr\u00f3ximo Campeonato de Espa\u00f1a de Conjuntos Absoluto que se celebrar\u00e1 en Zaragoza del 14 al 18 de diciembre.<\/p>\n\n\n<div class=\"wp-block-image\">\n<figure class=\"aligncenter size-full\"><a href=\"http:\/\/suministrosviper.com\/\" target=\"_blank\" rel=\"noreferrer noopener\"><img decoding=\"async\" src=\"https:\/\/www.burgosdeporte.com\/wp-content\/uploads\/2019\/12\/Viper2019.gif\" alt=\"\" class=\"wp-image-32907\"\/><\/a><\/figure>\n<\/div>","protected":false},"excerpt":{"rendered":"<p>Se celebr\u00f3 en Jerez de la Frontera el Campeonato de Espa\u00f1a Base y la 3\u00aa Copa de Espa\u00f1a de conjuntos. A ambos campeonatos acudieron dos conjuntos del Club Gimnasia Burgos, el conjunto juvenil y conjunto infantil. Al Nacional Base de conjuntos Base acudi\u00f3 el conjunto juvenil base formado por cinco gimnastas: Carla Medina, Natalia M\u00e1rquez, [&hellip;]<\/p>\n","protected":false},"author":10,"featured_media":88594,"comment_status":"closed","ping_status":"closed","sticky":false,"template":"","format":"standard","meta":{"_monsterinsights_skip_tracking":false,"_monsterinsights_sitenote_active":false,"_monsterinsights_sitenote_note":"","_monsterinsights_sitenote_category":0,"footnotes":""},"categories":[191,15,8],"tags":[278,192],"class_list":{"0":"post-88593","1":"post","2":"type-post","3":"status-publish","4":"format-standard","5":"has-post-thumbnail","7":"category-gimnasia","8":"category-otros","9":"category-tipo-noticia","10":"tag-clubgimnasiaburgos","11":"tag-gimnasia"},"views":26,"_links":{"self":[{"href":"https:\/\/www.burgosdeporte.com\/index.php?rest_route=\/wp\/v2\/posts\/88593","targetHints":{"allow":["GET"]}}],"collection":[{"href":"https:\/\/www.burgosdeporte.com\/index.php?rest_route=\/wp\/v2\/posts"}],"about":[{"href":"https:\/\/www.burgosdeporte.com\/index.php?rest_route=\/wp\/v2\/types\/post"}],"author":[{"embeddable":true,"href":"https:\/\/www.burgosdeporte.com\/index.php?rest_route=\/wp\/v2\/users\/10"}],"replies":[{"embeddable":true,"href":"https:\/\/www.burgosdeporte.com\/index.php?rest_route=%2Fwp%2Fv2%2Fcomments&post=88593"}],"version-history":[{"count":0,"href":"https:\/\/www.burgosdeporte.com\/index.php?rest_route=\/wp\/v2\/posts\/88593\/revisions"}],"wp:featuredmedia":[{"embeddable":true,"href":"https:\/\/www.burgosdeporte.com\/index.php?rest_route=\/"}],"wp:attachment":[{"href":"https:\/\/www.burgosdeporte.com\/index.php?rest_route=%2Fwp%2Fv2%2Fmedia&parent=88593"}],"wp:term":[{"taxonomy":"category","embeddable":true,"href":"https:\/\/www.burgosdeporte.com\/index.php?rest_route=%2Fwp%2Fv2%2Fcategories&post=88593"},{"taxonomy":"post_tag","embeddable":true,"href":"https:\/\/www.burgosdeporte.com\/index.php?rest_route=%2Fwp%2Fv2%2Ftags&post=88593"}],"curies":[{"name":"wp","href":"https:\/\/api.w.org\/{rel}","templated":true}]}}