{"id":85971,"date":"2022-10-13T19:00:05","date_gmt":"2022-10-13T17:00:05","guid":{"rendered":"https:\/\/www.burgosdeporte.com\/?p=85971"},"modified":"2022-10-13T19:00:05","modified_gmt":"2022-10-13T17:00:05","slug":"el-gimnasta-david-martinez-presente-en-el-car-de-madrid","status":"publish","type":"post","link":"https:\/\/www.burgosdeporte.com\/?p=85971","title":{"rendered":"El gimnasta David Mart\u00ednez, presente en el CAR de Madrid"},"content":{"rendered":"<div class=\"wp-block-image\">\n<figure class=\"aligncenter size-full\"><a href=\"https:\/\/www.tandemgyd.com\/\" target=\"_blank\" rel=\"noreferrer noopener\"><img decoding=\"async\" src=\"https:\/\/www.burgosdeporte.com\/wp-content\/uploads\/2019\/11\/Logo_Tandem.jpg\" alt=\"\" class=\"wp-image-32621\"\/><\/a><\/figure>\n<\/div>\n\n\n<p>Durante los d\u00edas 11 y 12 de octubre se ha celebrado una visita t\u00e9cnica en el CAR de Madrid con los clubes de gimnasia art\u00edstica masculina: Arabatxo (PVA), Majadahonda (MAD) y Aluche (MAD).<\/p>\n\n\n\n<p>Nuevamente acudi\u00f3 nuestro gimnasta burgal\u00e9s David Mart\u00ednez Herrero junto a su compa\u00f1ero Aratz Ramos y su entrenador Xabier Larrimbe donde se reencontraron con su compa\u00f1ero Unai Baigorri compartiendo entrenamiento con todos los gimnastas y t\u00e9cnicos del equipo espa\u00f1ol de gimnasia art\u00edstica masculina.<\/p>\n\n\n\n<p>Unas jornadas de las que sin duda sacaron buen provecho y son parte fundamental en la formaci\u00f3n como gimnastas.<\/p>\n\n\n<div class=\"wp-block-image\">\n<figure class=\"aligncenter size-full\"><a href=\"https:\/\/www.tandemgyd.com\/\" target=\"_blank\" rel=\"noreferrer noopener\"><img decoding=\"async\" src=\"https:\/\/www.burgosdeporte.com\/wp-content\/uploads\/2019\/11\/Logo_Tandem.jpg\" alt=\"\" class=\"wp-image-32621\"\/><\/a><\/figure>\n<\/div>","protected":false},"excerpt":{"rendered":"<p>Durante los d\u00edas 11 y 12 de octubre se ha celebrado una visita t\u00e9cnica en el CAR de Madrid con los clubes de gimnasia art\u00edstica masculina: Arabatxo (PVA), Majadahonda (MAD) y Aluche (MAD). Nuevamente acudi\u00f3 nuestro gimnasta burgal\u00e9s David Mart\u00ednez Herrero junto a su compa\u00f1ero Aratz Ramos y su entrenador Xabier Larrimbe donde se reencontraron [&hellip;]<\/p>\n","protected":false},"author":10,"featured_media":85972,"comment_status":"closed","ping_status":"closed","sticky":false,"template":"","format":"standard","meta":{"_monsterinsights_skip_tracking":false,"_monsterinsights_sitenote_active":false,"_monsterinsights_sitenote_note":"","_monsterinsights_sitenote_category":0,"footnotes":""},"categories":[191,15,8],"tags":[190,192,446],"class_list":{"0":"post-85971","1":"post","2":"type-post","3":"status-publish","4":"format-standard","5":"has-post-thumbnail","7":"category-gimnasia","8":"category-otros","9":"category-tipo-noticia","10":"tag-davidmartinez","11":"tag-gimnasia","12":"tag-gimnasiaartistica"},"views":32,"_links":{"self":[{"href":"https:\/\/www.burgosdeporte.com\/index.php?rest_route=\/wp\/v2\/posts\/85971","targetHints":{"allow":["GET"]}}],"collection":[{"href":"https:\/\/www.burgosdeporte.com\/index.php?rest_route=\/wp\/v2\/posts"}],"about":[{"href":"https:\/\/www.burgosdeporte.com\/index.php?rest_route=\/wp\/v2\/types\/post"}],"author":[{"embeddable":true,"href":"https:\/\/www.burgosdeporte.com\/index.php?rest_route=\/wp\/v2\/users\/10"}],"replies":[{"embeddable":true,"href":"https:\/\/www.burgosdeporte.com\/index.php?rest_route=%2Fwp%2Fv2%2Fcomments&post=85971"}],"version-history":[{"count":0,"href":"https:\/\/www.burgosdeporte.com\/index.php?rest_route=\/wp\/v2\/posts\/85971\/revisions"}],"wp:featuredmedia":[{"embeddable":true,"href":"https:\/\/www.burgosdeporte.com\/index.php?rest_route=\/"}],"wp:attachment":[{"href":"https:\/\/www.burgosdeporte.com\/index.php?rest_route=%2Fwp%2Fv2%2Fmedia&parent=85971"}],"wp:term":[{"taxonomy":"category","embeddable":true,"href":"https:\/\/www.burgosdeporte.com\/index.php?rest_route=%2Fwp%2Fv2%2Fcategories&post=85971"},{"taxonomy":"post_tag","embeddable":true,"href":"https:\/\/www.burgosdeporte.com\/index.php?rest_route=%2Fwp%2Fv2%2Ftags&post=85971"}],"curies":[{"name":"wp","href":"https:\/\/api.w.org\/{rel}","templated":true}]}}