{"id":85323,"date":"2022-10-05T10:58:28","date_gmt":"2022-10-05T08:58:28","guid":{"rendered":"https:\/\/www.burgosdeporte.com\/?p=85323"},"modified":"2022-10-05T10:58:28","modified_gmt":"2022-10-05T08:58:28","slug":"un-camino-de-vuelta-repleto-de-incertidumbres","status":"publish","type":"post","link":"https:\/\/www.burgosdeporte.com\/?p=85323","title":{"rendered":"Un camino de vuelta repleto de incertidumbres"},"content":{"rendered":"\n<h2 class=\"wp-block-heading\">EL Hereda San Pablo Burgos comienza la competici\u00f3n oficial con el objetivo de volver a la ACB y tras una pretemporada en la que generado dudas.<\/h2>\n\n\n\n<p class=\"has-text-align-right\"><em>Foto: Jarcha\/Burgosdeporte<\/em><\/p>\n\n\n<div class=\"wp-block-image\">\n<figure class=\"aligncenter size-full\"><img decoding=\"async\" src=\"https:\/\/www.burgosdeporte.com\/wp-content\/uploads\/2022\/07\/NissanTownstar-300x250-BurgosDeporte-3.gif\" alt=\"\" class=\"wp-image-79081\"\/><\/figure>\n<\/div>\n\n\n<p>El pr\u00f3ximo s\u00e1bado vuelve la competici\u00f3n oficial de baloncesto a orillas del Arlanz\u00f3n. Tras el varapalo de la mala campa\u00f1a pasada que culmin\u00f3 con el descenso de categor\u00eda, el Coliseum se estrenar\u00e1 en una Leb Oro que se presenta apasionante, pero que tras la pretemporada realizada por el conjunto de Paco Olmos ha dejado m\u00e1s sombras que luces de cara al estreno liguero.<\/p>\n\n\n\n<p>Si bien es cierto que las llegadas tard\u00edas de Corbal\u00e1n y Marjanovic, as\u00ed como la \u00faltima incorporaci\u00f3n de Kacinas, han podido influir en el desarrollo de los entrenamientos y en ese ensamblaje de piezas tan complicado y caracter\u00edstico en los inicios de cada curso, no es menos cierto que los resultados en los compromisos disputados, sobre todo los jugados ante rivales de la misma categor\u00eda, no han dejado sensaciones para nada positivas pues, salvo la victoria ante Palencia, el resto de esos compromisos se saldaron con derrota.Fuera aparte de laslas mismas, se ha visto un juego del equipo a rachas, capaz de lo mejor y de lo peor, tanto de meter una marcha atr\u00e1s al partido como de desconectarse por completo del mismo y por tal circunstancia en competici\u00f3n oficial se puede pagar un precio muy alto.<\/p>\n\n\n\n<p>Se presenta una temporada donde, a priori, el nivel de la competici\u00f3n parece haberse incrementado. El desembarco de dos transatl\u00e1nticos como son Andorra y nuestro Hereda San Pablo, con presupuestos que hac\u00eda tiempo no se ve\u00edan en esta categor\u00eda, unido a un Estudiantes que vuelve a hacer un proyecto para devolverlo cuanto antes a la \u00e9lite, provocan que las dos codiciadas plazas de ascenso vayan a estar terriblemente caras. Y no olvidemos a los Coru\u00f1a, Palencia, GipuzkoaBasket o Vallladolid, que vuelven a tener proyectos de envergadura.<\/p>\n\n\n\n<p>No nos olvidemos tampoco de la din\u00e1mica de la competici\u00f3n, pues recordemos que solamente el primero asciende de forma directa, y que los 8 siguientes primero disputar\u00e1n un play off para posteriormente jugar una final a cuatro, por lo que se antoja altamente complicado el ascenso en esta fase. Quiz\u00e1, quien tenga el factor cancha por ser el organizador pueda tener un plus, pero se presenta como una loter\u00eda el ascenso para quien no logre la primera plaza.<\/p>\n\n\n\n<p>El camino de vuelta que anunci\u00f3 el club como el lema en su retorno a la Leb Oro comienza en apenas unos d\u00edas, y no olvidemos que el \u00fanico objetivo para esta temporada es el ascenso. Y gran parte de ese objetivo pasa por alcanzar la primera plaza. Para ello, la primera fase de la competici\u00f3n no se debe minusvalorar en absoluto, pues todo lo que el equipo falle ahora es lo que tendr\u00e1 que remar a contracorriente durante el transcurso de la temporada. Y las dudas en el rendimiento del equipo durante estas semanas llenan de incertidumbres el futuro del mismo. Es por ello que deber\u00e1 mejorar su juego cuanto antes para no verse superado.<\/p>\n\n\n\n<p>En casa contar\u00e1 para ello con la afici\u00f3n como gran aliado, una hinchada que en la campa\u00f1a de renovaciones ha vuelto a demostrar estar a las duras y a las maduras. Punto de m\u00e1s este para que los de Paco Olmos muestren todo su potencial para devolverles la sonrisa.<\/p>\n\n\n\n<p>Melilla ser\u00e1 el primer conjunto a quien se enfrente el conjunto azul\u00f3n. Por delante, 34 jornadas en las que esperemos se termine cumpliendo ese ansiado retorno a la \u00e9lite del baloncesto, pero para ello todav\u00eda tiene que mejorar mucho el juego del <a><\/a>conjunto burgal\u00e9s.<\/p>\n","protected":false},"excerpt":{"rendered":"<p>EL Hereda San Pablo Burgos comienza la competici\u00f3n oficial con el objetivo de volver a la ACB y tras una pretemporada en la que generado dudas. Foto: Jarcha\/Burgosdeporte El pr\u00f3ximo s\u00e1bado vuelve la competici\u00f3n oficial de baloncesto a orillas del Arlanz\u00f3n. Tras el varapalo de la mala campa\u00f1a pasada que culmin\u00f3 con el descenso de [&hellip;]<\/p>\n","protected":false},"author":8,"featured_media":84948,"comment_status":"closed","ping_status":"closed","sticky":false,"template":"","format":"standard","meta":{"_monsterinsights_skip_tracking":false,"_monsterinsights_sitenote_active":false,"_monsterinsights_sitenote_note":"","_monsterinsights_sitenote_category":0,"footnotes":""},"categories":[5,14,8],"tags":[13,9],"class_list":{"0":"post-85323","1":"post","2":"type-post","3":"status-publish","4":"format-standard","5":"has-post-thumbnail","7":"category-baloncesto","8":"category-opinion","9":"category-tipo-noticia","10":"tag-opinion","11":"tag-sanpabloburgos"},"views":67,"_links":{"self":[{"href":"https:\/\/www.burgosdeporte.com\/index.php?rest_route=\/wp\/v2\/posts\/85323","targetHints":{"allow":["GET"]}}],"collection":[{"href":"https:\/\/www.burgosdeporte.com\/index.php?rest_route=\/wp\/v2\/posts"}],"about":[{"href":"https:\/\/www.burgosdeporte.com\/index.php?rest_route=\/wp\/v2\/types\/post"}],"author":[{"embeddable":true,"href":"https:\/\/www.burgosdeporte.com\/index.php?rest_route=\/wp\/v2\/users\/8"}],"replies":[{"embeddable":true,"href":"https:\/\/www.burgosdeporte.com\/index.php?rest_route=%2Fwp%2Fv2%2Fcomments&post=85323"}],"version-history":[{"count":0,"href":"https:\/\/www.burgosdeporte.com\/index.php?rest_route=\/wp\/v2\/posts\/85323\/revisions"}],"wp:featuredmedia":[{"embeddable":true,"href":"https:\/\/www.burgosdeporte.com\/index.php?rest_route=\/"}],"wp:attachment":[{"href":"https:\/\/www.burgosdeporte.com\/index.php?rest_route=%2Fwp%2Fv2%2Fmedia&parent=85323"}],"wp:term":[{"taxonomy":"category","embeddable":true,"href":"https:\/\/www.burgosdeporte.com\/index.php?rest_route=%2Fwp%2Fv2%2Fcategories&post=85323"},{"taxonomy":"post_tag","embeddable":true,"href":"https:\/\/www.burgosdeporte.com\/index.php?rest_route=%2Fwp%2Fv2%2Ftags&post=85323"}],"curies":[{"name":"wp","href":"https:\/\/api.w.org\/{rel}","templated":true}]}}