{"id":84078,"date":"2022-09-20T14:41:14","date_gmt":"2022-09-20T12:41:14","guid":{"rendered":"https:\/\/www.burgosdeporte.com\/?p=84078"},"modified":"2022-09-20T14:41:14","modified_gmt":"2022-09-20T12:41:14","slug":"david-martinez-participa-en-las-jornadas-de-formacion-del-car-de-madrid","status":"publish","type":"post","link":"https:\/\/www.burgosdeporte.com\/?p=84078","title":{"rendered":"David Mart\u00ednez participa en las jornadas de formaci\u00f3n del CAR de Madrid"},"content":{"rendered":"<div class=\"wp-block-image\">\n<figure class=\"aligncenter size-full\"><a href=\"http:\/\/suministrosviper.com\/\" target=\"_blank\" rel=\"noreferrer noopener\"><img decoding=\"async\" src=\"https:\/\/www.burgosdeporte.com\/wp-content\/uploads\/2019\/12\/Viper2019.gif\" alt=\"\" class=\"wp-image-32907\"\/><\/a><\/figure>\n<\/div>\n\n\n<p>El gimnasta burgal\u00e9s David Mart\u00ednez Herrero ha participado en las jornadas de formaci\u00f3n en la sala de #GAM del Centro de Alto Rendimiento de Madrid, donde acudi\u00f3 el Club Arabatxo con su t\u00e9cnico Xabier Larrimbe.<\/p>\n\n\n\n<p>David Mart\u00ednez estuvo acompa\u00f1ado en esta ocasi\u00f3n por sus compa\u00f1eros Aratz Ramos y Unai Baigorri que ya forma parte del Equipo Nacional J\u00fanior que forma parte del CAR.<\/p>\n\n\n\n<p>Las jornadas fueron compartidas con el Club Majadahonda de Madrid y estuvieron impartidas por el seleccionador nacional de GAM Benjam\u00edn Bango y los entrenadores del CAR, Isaac Botella y \u00c1lvaro Carrascal.<\/p>\n\n\n\n<p>Sin duda, estas jornadas han supuesto una gran experiencia y formaci\u00f3n para el gimnasta burgal\u00e9s y todos los compa\u00f1eros dentro del futuro de la Gimnasia Art\u00edstica Masculina Espa\u00f1ola.<\/p>\n\n\n<div class=\"wp-block-image\">\n<figure class=\"aligncenter size-full\"><a href=\"http:\/\/suministrosviper.com\/\" target=\"_blank\" rel=\"noreferrer noopener\"><img decoding=\"async\" src=\"https:\/\/www.burgosdeporte.com\/wp-content\/uploads\/2019\/12\/Viper2019.gif\" alt=\"\" class=\"wp-image-32907\"\/><\/a><\/figure>\n<\/div>","protected":false},"excerpt":{"rendered":"<p>El gimnasta burgal\u00e9s David Mart\u00ednez Herrero ha participado en las jornadas de formaci\u00f3n en la sala de #GAM del Centro de Alto Rendimiento de Madrid, donde acudi\u00f3 el Club Arabatxo con su t\u00e9cnico Xabier Larrimbe. David Mart\u00ednez estuvo acompa\u00f1ado en esta ocasi\u00f3n por sus compa\u00f1eros Aratz Ramos y Unai Baigorri que ya forma parte del [&hellip;]<\/p>\n","protected":false},"author":10,"featured_media":84079,"comment_status":"closed","ping_status":"closed","sticky":false,"template":"","format":"standard","meta":{"_monsterinsights_skip_tracking":false,"_monsterinsights_sitenote_active":false,"_monsterinsights_sitenote_note":"","_monsterinsights_sitenote_category":0,"footnotes":""},"categories":[191,394,15,8],"tags":[190,192],"class_list":{"0":"post-84078","1":"post","2":"type-post","3":"status-publish","4":"format-standard","5":"has-post-thumbnail","7":"category-gimnasia","8":"category-gimnasia-artistica","9":"category-otros","10":"category-tipo-noticia","11":"tag-davidmartinez","12":"tag-gimnasia"},"views":31,"_links":{"self":[{"href":"https:\/\/www.burgosdeporte.com\/index.php?rest_route=\/wp\/v2\/posts\/84078","targetHints":{"allow":["GET"]}}],"collection":[{"href":"https:\/\/www.burgosdeporte.com\/index.php?rest_route=\/wp\/v2\/posts"}],"about":[{"href":"https:\/\/www.burgosdeporte.com\/index.php?rest_route=\/wp\/v2\/types\/post"}],"author":[{"embeddable":true,"href":"https:\/\/www.burgosdeporte.com\/index.php?rest_route=\/wp\/v2\/users\/10"}],"replies":[{"embeddable":true,"href":"https:\/\/www.burgosdeporte.com\/index.php?rest_route=%2Fwp%2Fv2%2Fcomments&post=84078"}],"version-history":[{"count":0,"href":"https:\/\/www.burgosdeporte.com\/index.php?rest_route=\/wp\/v2\/posts\/84078\/revisions"}],"wp:featuredmedia":[{"embeddable":true,"href":"https:\/\/www.burgosdeporte.com\/index.php?rest_route=\/"}],"wp:attachment":[{"href":"https:\/\/www.burgosdeporte.com\/index.php?rest_route=%2Fwp%2Fv2%2Fmedia&parent=84078"}],"wp:term":[{"taxonomy":"category","embeddable":true,"href":"https:\/\/www.burgosdeporte.com\/index.php?rest_route=%2Fwp%2Fv2%2Fcategories&post=84078"},{"taxonomy":"post_tag","embeddable":true,"href":"https:\/\/www.burgosdeporte.com\/index.php?rest_route=%2Fwp%2Fv2%2Ftags&post=84078"}],"curies":[{"name":"wp","href":"https:\/\/api.w.org\/{rel}","templated":true}]}}