{"id":81569,"date":"2022-08-11T21:11:20","date_gmt":"2022-08-11T19:11:20","guid":{"rendered":"https:\/\/www.burgosdeporte.com\/?p=81569"},"modified":"2022-08-11T21:11:20","modified_gmt":"2022-08-11T19:11:20","slug":"un-burgos-cf-notable-pero-con-aspectos-a-mejorar","status":"publish","type":"post","link":"https:\/\/www.burgosdeporte.com\/?p=81569","title":{"rendered":"Un Burgos CF notable, pero con aspectos a mejorar"},"content":{"rendered":"\n<h2 class=\"wp-block-heading\">Art\u00edculo de opini\u00f3n de Julio C\u00e9sar Rico sobre el momento que vive el club blanquinegro.<\/h2>\n\n\n\n<p>Comienza la Liga SmartBank, la Segunda Divisi\u00f3n de toda la vida, para un Burgos CF que busca consolidarse en la categor\u00eda. Me gustar\u00eda tocar varios aspectos de este inicio de competici\u00f3n que, en mi modesta opini\u00f3n, podr\u00edan mejorar la imagen del club tanto en el \u00e1mbito deportivo, como en el econ\u00f3mico, social, etc. Esta tribuna de burgosdeporte.com es un magn\u00edfico altavoz para expresarme y mi agradecimiento va por delante.<\/p>\n\n\n\n<p>Empiezo con el deportivo. A estas alturas, con la temporada ya iniciada, resulta un poco peligroso llegar en mantillas. El inicio es lo suficientemente fuerte como para fiarse \u00fanicamente en consolidar la defensa y tener muchas carencias de medio campo hacia adelante.<\/p>\n\n\n\n<p>Es cierto que lo fichado hasta la fecha creo iguala, al menos, las salidas de este mercado. Bermejo, Atienza o Artola nada tienen que envidiar a Juanma, Ernesto y Guillermo. Caro es un buen portero y Dani no desentona; ambos igualan o superan a un sobrevalorado Alfonso Herrero. Me sorprende, aun sin jugar apenas, la planta de gran portero de Lo\u00efc, que a poco que despunte creo que dar\u00e1 la sorpresa.<\/p>\n\n\n\n<p>La pretemporada ha demostrado que la defensa es s\u00f3lida y asentada; pero no se ganan partidos por aparcar el autob\u00fas en la porter\u00eda. El Burgos CF necesita gente que meta goles. No podemos conformarnos con la escasa cifra de la temporada pasada. Este a\u00f1o la Segunda Divisi\u00f3n ha dado un salto de calidad importante. Hay muchos aspirantes a estar en los puestos altos y auguro que es posible que en el ecuador de la temporada la brecha entre aspirantes al ascenso y los equipos menos armados ser\u00e1 considerable.<\/p>\n\n\n\n<p>Levante, M\u00e1laga, Granada, Alav\u00e9s, Zaragoza, UD Las Palmas, Tenerife, Oviedo, Eibar, Sporting y Huesca, la mitad de la categor\u00eda, aspiran al ascenso\u2026 del resto, sorprender\u00e1 alguno; evitar el descenso es cosa de Legan\u00e9s, Lugo, Mirand\u00e9s, Andorra, Ibiza, Burgos, Ponferradina, Cartagena, Villarreal, Albacete y R\u00e1cing. Esta temporada mantenerse ser\u00e1 caro.<\/p>\n\n\n\n<p>No quiero ser p\u00e1jaro de mal ag\u00fcero, como me dir\u00eda Fede Casta\u00f1os, pero empezar la temporada con un posible -9 por no tener completa la plantilla puede ser un lastre importante; un disgusto para la afici\u00f3n y un problema serio para Calero. Deseo equivocarme.<\/p>\n\n\n\n<p>Desde el punto de vista institucional, con respecto a hace un a\u00f1o las cosas han cambiado muy poco o nada. El m\u00fasculo institucional es inexistente. Los errores de c\u00e1lculo, basados en un exceso de confianza del Consejo (los precios de los abonos, las camisetas, la presencia en la ciudad\u2026) han suscitado numeros\u00edsimas cr\u00edticas que no se han sabido ni responder a tiempo, ni canalizar y dar salida.<\/p>\n\n\n\n<p>Se ha desaprovechado la efem\u00e9ride del centenario. A la vista de que el Consejo de Administraci\u00f3n no actuaba con esta celebraci\u00f3n, yo mismo entregu\u00e9 a Nacho San Mill\u00e1n un documento en el mes de marzo con m\u00e1s de 40 propuestas para celebrar un centenario modesto, pero con propuestas diferentes, novedosas, que o se han desestimando o no se han apreciado. El documento lo tendr\u00e1 el Consejo en alg\u00fan caj\u00f3n, en el mejor de los casos.<\/p>\n\n\n\n<p>Es notable y plausible, eso s\u00ed, la absorci\u00f3n del Promesas, del NSB, la mejora de la Deportiva, los campos de Casta\u00f1ares, los acuerdos con los clubes de la provincia, la gesti\u00f3n econ\u00f3mica, la posible venta a un grupo inversor, la mejora de El Plant\u00edo, la direcci\u00f3n deportiva de Michu, la apuesta (aunque sea obligada) por futbolistas de la cantera, la imagen en general de la SAD\u2026 son muchas y buenas cosas que valoro y aplaudo.<\/p>\n\n\n\n<p>Quiero poner el punto final con mi reconocimiento a Esteban Gonz\u00e1lez, Pin\u00e9. Mi recuerdo y reconocimiento por tantos a\u00f1os de burgalesismo. Un hombre que lleg\u00f3 a encadenarse a las puertas de El Plant\u00edo para evitar la descomposici\u00f3n del Real Burgos en los a\u00f1os 90 y tantos. Reconocimiento y lamento por su fallecimiento.<\/p>\n","protected":false},"excerpt":{"rendered":"<p>Art\u00edculo de opini\u00f3n de Julio C\u00e9sar Rico sobre el momento que vive el club blanquinegro. Comienza la Liga SmartBank, la Segunda Divisi\u00f3n de toda la vida, para un Burgos CF que busca consolidarse en la categor\u00eda. Me gustar\u00eda tocar varios aspectos de este inicio de competici\u00f3n que, en mi modesta opini\u00f3n, podr\u00edan mejorar la imagen [&hellip;]<\/p>\n","protected":false},"author":21,"featured_media":81576,"comment_status":"closed","ping_status":"closed","sticky":false,"template":"","format":"standard","meta":{"_monsterinsights_skip_tracking":false,"_monsterinsights_sitenote_active":false,"_monsterinsights_sitenote_note":"","_monsterinsights_sitenote_category":0,"footnotes":""},"categories":[4,14,8],"tags":[29,1320,1321,13],"class_list":{"0":"post-81569","1":"post","2":"type-post","3":"status-publish","4":"format-standard","5":"has-post-thumbnail","7":"category-futbol","8":"category-opinion","9":"category-tipo-noticia","10":"tag-burgoscf","11":"tag-burgosdepporte","12":"tag-juliocesarrico","13":"tag-opinion"},"views":64,"_links":{"self":[{"href":"https:\/\/www.burgosdeporte.com\/index.php?rest_route=\/wp\/v2\/posts\/81569","targetHints":{"allow":["GET"]}}],"collection":[{"href":"https:\/\/www.burgosdeporte.com\/index.php?rest_route=\/wp\/v2\/posts"}],"about":[{"href":"https:\/\/www.burgosdeporte.com\/index.php?rest_route=\/wp\/v2\/types\/post"}],"author":[{"embeddable":true,"href":"https:\/\/www.burgosdeporte.com\/index.php?rest_route=\/wp\/v2\/users\/21"}],"replies":[{"embeddable":true,"href":"https:\/\/www.burgosdeporte.com\/index.php?rest_route=%2Fwp%2Fv2%2Fcomments&post=81569"}],"version-history":[{"count":0,"href":"https:\/\/www.burgosdeporte.com\/index.php?rest_route=\/wp\/v2\/posts\/81569\/revisions"}],"wp:featuredmedia":[{"embeddable":true,"href":"https:\/\/www.burgosdeporte.com\/index.php?rest_route=\/"}],"wp:attachment":[{"href":"https:\/\/www.burgosdeporte.com\/index.php?rest_route=%2Fwp%2Fv2%2Fmedia&parent=81569"}],"wp:term":[{"taxonomy":"category","embeddable":true,"href":"https:\/\/www.burgosdeporte.com\/index.php?rest_route=%2Fwp%2Fv2%2Fcategories&post=81569"},{"taxonomy":"post_tag","embeddable":true,"href":"https:\/\/www.burgosdeporte.com\/index.php?rest_route=%2Fwp%2Fv2%2Ftags&post=81569"}],"curies":[{"name":"wp","href":"https:\/\/api.w.org\/{rel}","templated":true}]}}