{"id":80659,"date":"2022-07-27T12:50:38","date_gmt":"2022-07-27T10:50:38","guid":{"rendered":"https:\/\/www.burgosdeporte.com\/?p=80659"},"modified":"2022-07-27T12:50:38","modified_gmt":"2022-07-27T10:50:38","slug":"el-club-gimnasia-burgos-participa-en-el-nacional-de-artistica-masculina","status":"publish","type":"post","link":"https:\/\/www.burgosdeporte.com\/?p=80659","title":{"rendered":"El Club Gimnasia Burgos participa en el nacional de art\u00edstica masculina"},"content":{"rendered":"\n<div class=\"wp-block-image\"><figure class=\"aligncenter size-full\"><a href=\"http:\/\/suministrosviper.com\/\" target=\"_blank\" rel=\"noopener\"><img decoding=\"async\" src=\"https:\/\/www.burgosdeporte.com\/wp-content\/uploads\/2019\/12\/Viper2019.gif\" alt=\"\" class=\"wp-image-32907\"\/><\/a><\/figure><\/div>\n\n\n\n<p>Al igual que las chicas, cuatro gimnastas masculinos del Club Gimnasia Burgos estuvieron en el Campeonato de Espa\u00f1a de Gimnasia Art\u00edstica Masculina, celebrado en Pamplona, en el Polideportivo Navarra Arena.<\/p>\n\n\n\n<p>Los gimnastas del club Gimnasia Burgos que compitieron en este campeonato de Espa\u00f1a fueron Gael Aparicio y \u00c1ngel Santamar\u00eda en base 3 con 10 a\u00f1os, Juan Ruiz en base 4 con 14 a\u00f1os y Rodrigo Mart\u00ednez en v\u00eda ol\u00edmpica 9, categor\u00eda j\u00fanior con 18 a\u00f1os.<\/p>\n\n\n\n<p>Para Gael y \u00c1ngel gimnastas de base 3, era su primer nacional y fue una buena experiencia para ellos que eran primer a\u00f1o de la categor\u00eda.<\/p>\n\n\n\n<p>Cabe destacar la 7\u00aa posici\u00f3n y la 12\u00aa posici\u00f3n en salto a d\u00e9cimas del podio de Juan Ruiz en suelo, as\u00ed como el excelente 5\u00b0 puesto en salto y su 10\u00aa posici\u00f3n en suelo de Rodrigo Mart\u00ednez. Este \u00faltimo se med\u00eda a los gimnastas j\u00fanior de la selecci\u00f3n espa\u00f1ola, varios de ellos representar\u00e1n a Espa\u00f1a en el Europeo que se celebrar\u00e1 el pr\u00f3ximo mes.<\/p>\n\n\n\n<p>Los t\u00e9cnicos han dado la enhorabuena a sus pupilos, que ahora disfrutar\u00e1n de unas semanas de vacaciones antes de volver a entrenar para los objetivos de la pr\u00f3xima temporada.<\/p>\n\n\n\n<div class=\"wp-block-image\"><figure class=\"aligncenter size-full\"><a href=\"http:\/\/suministrosviper.com\/\" target=\"_blank\" rel=\"noopener\"><img decoding=\"async\" src=\"https:\/\/www.burgosdeporte.com\/wp-content\/uploads\/2019\/12\/Viper2019.gif\" alt=\"\" class=\"wp-image-32907\"\/><\/a><\/figure><\/div>\n","protected":false},"excerpt":{"rendered":"<p>Al igual que las chicas, cuatro gimnastas masculinos del Club Gimnasia Burgos estuvieron en el Campeonato de Espa\u00f1a de Gimnasia Art\u00edstica Masculina, celebrado en Pamplona, en el Polideportivo Navarra Arena. Los gimnastas del club Gimnasia Burgos que compitieron en este campeonato de Espa\u00f1a fueron Gael Aparicio y \u00c1ngel Santamar\u00eda en base 3 con 10 a\u00f1os, [&hellip;]<\/p>\n","protected":false},"author":10,"featured_media":80660,"comment_status":"closed","ping_status":"closed","sticky":false,"template":"","format":"standard","meta":{"_monsterinsights_skip_tracking":false,"_monsterinsights_sitenote_active":false,"_monsterinsights_sitenote_note":"","_monsterinsights_sitenote_category":0,"footnotes":""},"categories":[191,394,15,8],"tags":[278,192,446],"class_list":{"0":"post-80659","1":"post","2":"type-post","3":"status-publish","4":"format-standard","5":"has-post-thumbnail","7":"category-gimnasia","8":"category-gimnasia-artistica","9":"category-otros","10":"category-tipo-noticia","11":"tag-clubgimnasiaburgos","12":"tag-gimnasia","13":"tag-gimnasiaartistica"},"views":36,"_links":{"self":[{"href":"https:\/\/www.burgosdeporte.com\/index.php?rest_route=\/wp\/v2\/posts\/80659","targetHints":{"allow":["GET"]}}],"collection":[{"href":"https:\/\/www.burgosdeporte.com\/index.php?rest_route=\/wp\/v2\/posts"}],"about":[{"href":"https:\/\/www.burgosdeporte.com\/index.php?rest_route=\/wp\/v2\/types\/post"}],"author":[{"embeddable":true,"href":"https:\/\/www.burgosdeporte.com\/index.php?rest_route=\/wp\/v2\/users\/10"}],"replies":[{"embeddable":true,"href":"https:\/\/www.burgosdeporte.com\/index.php?rest_route=%2Fwp%2Fv2%2Fcomments&post=80659"}],"version-history":[{"count":0,"href":"https:\/\/www.burgosdeporte.com\/index.php?rest_route=\/wp\/v2\/posts\/80659\/revisions"}],"wp:featuredmedia":[{"embeddable":true,"href":"https:\/\/www.burgosdeporte.com\/index.php?rest_route=\/"}],"wp:attachment":[{"href":"https:\/\/www.burgosdeporte.com\/index.php?rest_route=%2Fwp%2Fv2%2Fmedia&parent=80659"}],"wp:term":[{"taxonomy":"category","embeddable":true,"href":"https:\/\/www.burgosdeporte.com\/index.php?rest_route=%2Fwp%2Fv2%2Fcategories&post=80659"},{"taxonomy":"post_tag","embeddable":true,"href":"https:\/\/www.burgosdeporte.com\/index.php?rest_route=%2Fwp%2Fv2%2Ftags&post=80659"}],"curies":[{"name":"wp","href":"https:\/\/api.w.org\/{rel}","templated":true}]}}