{"id":79985,"date":"2022-07-20T11:38:40","date_gmt":"2022-07-20T09:38:40","guid":{"rendered":"https:\/\/www.burgosdeporte.com\/?p=79985"},"modified":"2022-07-20T11:38:40","modified_gmt":"2022-07-20T09:38:40","slug":"david-martinez-compite-en-el-nacional-de-gimnasia-artistica","status":"publish","type":"post","link":"https:\/\/www.burgosdeporte.com\/?p=79985","title":{"rendered":"David Mart\u00ednez compite en el nacional de gimnasia art\u00edstica"},"content":{"rendered":"\n<div class=\"wp-block-image\"><figure class=\"aligncenter size-full\"><a href=\"https:\/\/www.ferroplas.com\/\" target=\"_blank\" rel=\"noopener\"><img decoding=\"async\" src=\"https:\/\/www.burgosdeporte.com\/wp-content\/uploads\/2019\/10\/Ferroplas.gif\" alt=\"\" class=\"wp-image-32482\"\/><\/a><\/figure><\/div>\n\n\n\n<p>Este mi\u00e9rcoles da comienzo el Campeonato de Espa\u00f1a y nacional base de Gimnasia Art\u00edstica en el pabell\u00f3n Navarra Arena de Pamplona. Hasta all\u00ed, se desplazar\u00e1 el gimnasta burgal\u00e9s David Mart\u00ednez Herrero.<\/p>\n\n\n\n<p>Tambi\u00e9n estar\u00e1 junto a \u00e9l su entrenador Xabier Larrimbe, con quien realizar\u00e1 los entrenamientos oficiales previos a la competici\u00f3n que tendr\u00e1 lugar el jueves 21 de julio por la tarde.<\/p>\n\n\n\n<p>El equipo Arabatxo se desplaza a Pamplona con:<\/p>\n\n\n\n<ul class=\"wp-block-list\"><li>Marcos Mart\u00edn en base 3<\/li><li>David Mart\u00ednez Herrero V\u00eda Ol\u00edmpica 6<\/li><li>Aratz Ramos, Ian de Miguel y Unai Baigorri en V\u00eda Ol\u00edmpica 9<\/li><li>Marcos V\u00e1zquez y Mikel Ruiz en V\u00eda Ol\u00edmpica 10<\/li><li>Luc\u00eda y Paula Ochoa en V\u00eda Ol\u00edmpica 8<\/li><\/ul>\n\n\n\n<p>Les acompa\u00f1ar\u00e1n Mar\u00eda Iturricha, Orlando Verdugo y Xabier Larrimbe como t\u00e9cnicos y Jaime Ruiz de Eguino de juez.<\/p>\n\n\n\n<div class=\"wp-block-image\"><figure class=\"aligncenter size-full\"><a href=\"https:\/\/www.ferroplas.com\/\" target=\"_blank\" rel=\"noopener\"><img decoding=\"async\" src=\"https:\/\/www.burgosdeporte.com\/wp-content\/uploads\/2019\/10\/Ferroplas.gif\" alt=\"\" class=\"wp-image-32482\"\/><\/a><\/figure><\/div>\n","protected":false},"excerpt":{"rendered":"<p>Este mi\u00e9rcoles da comienzo el Campeonato de Espa\u00f1a y nacional base de Gimnasia Art\u00edstica en el pabell\u00f3n Navarra Arena de Pamplona. Hasta all\u00ed, se desplazar\u00e1 el gimnasta burgal\u00e9s David Mart\u00ednez Herrero. Tambi\u00e9n estar\u00e1 junto a \u00e9l su entrenador Xabier Larrimbe, con quien realizar\u00e1 los entrenamientos oficiales previos a la competici\u00f3n que tendr\u00e1 lugar el jueves [&hellip;]<\/p>\n","protected":false},"author":10,"featured_media":79986,"comment_status":"closed","ping_status":"closed","sticky":false,"template":"","format":"standard","meta":{"_monsterinsights_skip_tracking":false,"_monsterinsights_sitenote_active":false,"_monsterinsights_sitenote_note":"","_monsterinsights_sitenote_category":0,"footnotes":""},"categories":[191,394,15,8],"tags":[190,192],"class_list":{"0":"post-79985","1":"post","2":"type-post","3":"status-publish","4":"format-standard","5":"has-post-thumbnail","7":"category-gimnasia","8":"category-gimnasia-artistica","9":"category-otros","10":"category-tipo-noticia","11":"tag-davidmartinez","12":"tag-gimnasia"},"views":33,"_links":{"self":[{"href":"https:\/\/www.burgosdeporte.com\/index.php?rest_route=\/wp\/v2\/posts\/79985","targetHints":{"allow":["GET"]}}],"collection":[{"href":"https:\/\/www.burgosdeporte.com\/index.php?rest_route=\/wp\/v2\/posts"}],"about":[{"href":"https:\/\/www.burgosdeporte.com\/index.php?rest_route=\/wp\/v2\/types\/post"}],"author":[{"embeddable":true,"href":"https:\/\/www.burgosdeporte.com\/index.php?rest_route=\/wp\/v2\/users\/10"}],"replies":[{"embeddable":true,"href":"https:\/\/www.burgosdeporte.com\/index.php?rest_route=%2Fwp%2Fv2%2Fcomments&post=79985"}],"version-history":[{"count":0,"href":"https:\/\/www.burgosdeporte.com\/index.php?rest_route=\/wp\/v2\/posts\/79985\/revisions"}],"wp:featuredmedia":[{"embeddable":true,"href":"https:\/\/www.burgosdeporte.com\/index.php?rest_route=\/"}],"wp:attachment":[{"href":"https:\/\/www.burgosdeporte.com\/index.php?rest_route=%2Fwp%2Fv2%2Fmedia&parent=79985"}],"wp:term":[{"taxonomy":"category","embeddable":true,"href":"https:\/\/www.burgosdeporte.com\/index.php?rest_route=%2Fwp%2Fv2%2Fcategories&post=79985"},{"taxonomy":"post_tag","embeddable":true,"href":"https:\/\/www.burgosdeporte.com\/index.php?rest_route=%2Fwp%2Fv2%2Ftags&post=79985"}],"curies":[{"name":"wp","href":"https:\/\/api.w.org\/{rel}","templated":true}]}}