{"id":78681,"date":"2022-07-02T15:22:17","date_gmt":"2022-07-02T13:22:17","guid":{"rendered":"https:\/\/www.burgosdeporte.com\/?p=78681"},"modified":"2022-07-02T15:22:17","modified_gmt":"2022-07-02T13:22:17","slug":"once-gimnastas-del-cgb-en-el-nacional-de-lleida","status":"publish","type":"post","link":"https:\/\/www.burgosdeporte.com\/?p=78681","title":{"rendered":"Once gimnastas del CGB en el nacional de Lleida"},"content":{"rendered":"\n<h2 class=\"wp-block-heading\">Seis de ellas compet\u00edan por primera vez en un Campeonato de Espa\u00f1a.<\/h2>\n\n\n\n<p class=\"has-text-align-right\"><em>Gimnastas del Club Gimnasia Burgos que han participado en el Nacional<\/em><\/p>\n\n\n\n<div class=\"wp-block-image\"><figure class=\"aligncenter size-full\"><img decoding=\"async\" src=\"https:\/\/www.burgosdeporte.com\/wp-content\/uploads\/2022\/03\/image002.gif\" alt=\"\" class=\"wp-image-70600\"\/><\/figure><\/div>\n\n\n\n<p>Se celebr\u00f3 en Lleida en Campeonato Nacional de Gimnasia Art\u00edstica Femenina con una grand\u00edsima participaci\u00f3n a nivel nacional compitiendo m\u00e1s de mil gimnastas entre las 8 categor\u00edas donde se disput\u00f3 la competici\u00f3n.<\/p>\n\n\n\n<p>Por parte del Club Gimnasia Burgos participaron en Nacional de Gimnasia Art\u00edstica Femenina 11 gimnastas:<\/p>\n\n\n\n<p>Base 1: Daniela Mart\u00ednez, Irene Due\u00f1as&nbsp; y Sara Mart\u00ednez.<\/p>\n\n\n\n<p>Base 2: Daniela Paredes y Olivia P\u00e9rez&nbsp;<\/p>\n\n\n\n<p>Base 3: Alejandra Colina y Abril L\u00f3pez&nbsp;<\/p>\n\n\n\n<p>Base 4: Ainara Luis&nbsp;<\/p>\n\n\n\n<p>Base 5: Aldara Gil y Jimena Agudo&nbsp;<\/p>\n\n\n\n<p>Base 8: Elena Santill\u00e1n&nbsp;<\/p>\n\n\n\n<figure class=\"wp-block-image size-full\"><img decoding=\"async\" src=\"https:\/\/www.burgosdeporte.com\/wp-content\/uploads\/2022\/07\/CGB-ELENA-BASE-8-NACIONAL-GAF-2022-11.jpg\" alt=\"\" class=\"wp-image-78685\"\/><figcaption>Elena Santill\u00e1n, CGB base 8 con sus entrenadoras M\u00f3nica Antol\u00edn y Laura Maestro<\/figcaption><\/figure>\n\n\n\n<p>Para 6 de ellas, las gimnastas de base 1 y base 2 y Abril de base 3, era su primer nacional y ha sido una enriquecedora experiencia, donde han mostrar su trabajo y evoluci\u00f3n y con el que ponen un bonito cierre a esta temporada. Sus entrenadores est\u00e1n muy satisfechos de su evoluci\u00f3n hasta llegar al nacional y saben que ser\u00e1 una gran experiencia que les ayudar\u00e1 en su aprendizaje y en su carrera deportiva, que para muchas de ellas est\u00e1 comenzando.<\/p>\n\n\n\n<figure class=\"wp-block-image size-full\"><img decoding=\"async\" src=\"https:\/\/www.burgosdeporte.com\/wp-content\/uploads\/2022\/07\/CGB-NACIONAL-GAF-2022-BASE-1-21-scaled.jpg\" alt=\"\" class=\"wp-image-78683\"\/><figcaption>Gimnastas de base 1 y base 2 del CGB<\/figcaption><\/figure>\n\n\n\n<p>El CGB logr\u00f3 en algunas especialidades posiciones destacadas con sus gimnastas:  <\/p>\n\n\n\n<p>En base 5 Aldara Gil fue la 33 en barra y Jimena Agudo, en una categor\u00eda con 255 participantes.<\/p>\n\n\n\n<figure class=\"wp-block-image size-full\"><img decoding=\"async\" src=\"https:\/\/www.burgosdeporte.com\/wp-content\/uploads\/2022\/07\/CGB-BASE-5-4-NACIONAL-GAF-2022-9.jpg\" alt=\"\" class=\"wp-image-78684\"\/><figcaption>Aldara Gil, Ainara Luis y Jimena Agudo, compitieron en base 5 y 4<\/figcaption><\/figure>\n\n\n\n<p>Elena Santill\u00e1n realiz\u00f3 un gran salto con una puntuaci\u00f3n de 10,700 con la que obtuvo la 27 posici\u00f3n. De las m\u00e1s peques y debutantes en la competici\u00f3n destacar la actuaci\u00f3n de Daniela Paredes y Olivia en paralelas donde ocuparon los puestos 27 y 36 respectivamente.<\/p>\n\n\n\n<p>Con esta competici\u00f3n cierran la temporada las gimnastas de base pero no la art\u00edstica del Club Gimnasia, que sigue entrenando con las gimnastas de via ol\u00edmpica y los chicos de art\u00edstica masculina que tendr\u00e1n el Campeonato de Espa\u00f1a del 20 al 23 de julio en Pamplona.<\/p>\n","protected":false},"excerpt":{"rendered":"<p>Seis de ellas compet\u00edan por primera vez en un Campeonato de Espa\u00f1a. Gimnastas del Club Gimnasia Burgos que han participado en el Nacional Se celebr\u00f3 en Lleida en Campeonato Nacional de Gimnasia Art\u00edstica Femenina con una grand\u00edsima participaci\u00f3n a nivel nacional compitiendo m\u00e1s de mil gimnastas entre las 8 categor\u00edas donde se disput\u00f3 la competici\u00f3n. [&hellip;]<\/p>\n","protected":false},"author":10,"featured_media":78688,"comment_status":"closed","ping_status":"closed","sticky":false,"template":"","format":"standard","meta":{"_monsterinsights_skip_tracking":false,"_monsterinsights_sitenote_active":false,"_monsterinsights_sitenote_note":"","_monsterinsights_sitenote_category":0,"footnotes":""},"categories":[191,15,8],"tags":[278],"class_list":{"0":"post-78681","1":"post","2":"type-post","3":"status-publish","4":"format-standard","5":"has-post-thumbnail","7":"category-gimnasia","8":"category-otros","9":"category-tipo-noticia","10":"tag-clubgimnasiaburgos"},"views":37,"_links":{"self":[{"href":"https:\/\/www.burgosdeporte.com\/index.php?rest_route=\/wp\/v2\/posts\/78681","targetHints":{"allow":["GET"]}}],"collection":[{"href":"https:\/\/www.burgosdeporte.com\/index.php?rest_route=\/wp\/v2\/posts"}],"about":[{"href":"https:\/\/www.burgosdeporte.com\/index.php?rest_route=\/wp\/v2\/types\/post"}],"author":[{"embeddable":true,"href":"https:\/\/www.burgosdeporte.com\/index.php?rest_route=\/wp\/v2\/users\/10"}],"replies":[{"embeddable":true,"href":"https:\/\/www.burgosdeporte.com\/index.php?rest_route=%2Fwp%2Fv2%2Fcomments&post=78681"}],"version-history":[{"count":0,"href":"https:\/\/www.burgosdeporte.com\/index.php?rest_route=\/wp\/v2\/posts\/78681\/revisions"}],"wp:featuredmedia":[{"embeddable":true,"href":"https:\/\/www.burgosdeporte.com\/index.php?rest_route=\/"}],"wp:attachment":[{"href":"https:\/\/www.burgosdeporte.com\/index.php?rest_route=%2Fwp%2Fv2%2Fmedia&parent=78681"}],"wp:term":[{"taxonomy":"category","embeddable":true,"href":"https:\/\/www.burgosdeporte.com\/index.php?rest_route=%2Fwp%2Fv2%2Fcategories&post=78681"},{"taxonomy":"post_tag","embeddable":true,"href":"https:\/\/www.burgosdeporte.com\/index.php?rest_route=%2Fwp%2Fv2%2Ftags&post=78681"}],"curies":[{"name":"wp","href":"https:\/\/api.w.org\/{rel}","templated":true}]}}