{"id":77885,"date":"2022-06-22T18:38:52","date_gmt":"2022-06-22T16:38:52","guid":{"rendered":"https:\/\/www.burgosdeporte.com\/?p=77885"},"modified":"2022-06-22T18:38:52","modified_gmt":"2022-06-22T16:38:52","slug":"el-club-gimnasia-burgos-sube-al-podio-en-la-copa-vasca-de-gimnasia-artistica","status":"publish","type":"post","link":"https:\/\/www.burgosdeporte.com\/?p=77885","title":{"rendered":"El Club Gimnasia Burgos sube al podio en la Copa Vasca de Gimnasia Art\u00edstica"},"content":{"rendered":"\n<div class=\"wp-block-image\"><figure class=\"aligncenter size-full\"><a href=\"https:\/\/www.facebook.com\/MODA-HOMBRE-YOU-TOO-137135699641697\/\" target=\"_blank\" rel=\"noopener\"><img decoding=\"async\" src=\"https:\/\/www.burgosdeporte.com\/wp-content\/uploads\/2019\/11\/youtoo.gif\" alt=\"\" class=\"wp-image-32589\"\/><\/a><\/figure><\/div>\n\n\n\n<p>El Polideportivo Ariznavarra de Vitoria acogi\u00f3 la celebraci\u00f3n de la Copa Vasca de Gimnasia Art\u00edstica Femenina y Masculina, donde acudieron tres chicas y tres chicos del Club Gimnasia Burgos.<\/p>\n\n\n\n<p>Este torneo les sirvi\u00f3 a los gimnastas del club burgal\u00e9s como preparaci\u00f3n para el pr\u00f3ximo Campeonato de Espa\u00f1a de GAF y GAM, que se celebrar\u00e1 a partir del 20 de julio en Pamplona.<\/p>\n\n\n\n<p>Por parte de las chicas, participaron tres gimnastas de las categor\u00edas de v\u00eda ol\u00edmpica: Ana Boado de 9 a\u00f1os de edad compiti\u00f3 en v\u00eda ol\u00edmpica 2 y se proclam\u00f3 subcampeona, Iris Ventura y Jimena Barrios en v\u00eda ol\u00edmpica 7 y 8 respectivamente hicieron una gran competici\u00f3n en los cuatro aparatos y ambas se proclamaron campeonas de la Copa Vasca. Competici\u00f3n tras competici\u00f3n van mejorando sus ejercicios, puliendo elementos y cogiendo experiencia de cara al pr\u00f3ximo campeonato de Espa\u00f1a.<\/p>\n\n\n\n<p>Por parte de los chicos acudieron otros tres gimnastas: Juan Ruiz en base 4 que obtuvo la tercera posici\u00f3n y en base 3 compitieron Gael Aparicio y \u00c1ngel Sanz que concluyeron en tercera y sexta posici\u00f3n de la clasificaci\u00f3n general respectivamente. Buena experiencia tambi\u00e9n para ellos de cara al nacional de julio.<\/p>\n\n\n\n<div class=\"wp-block-image\"><figure class=\"aligncenter size-full\"><a href=\"https:\/\/www.facebook.com\/MODA-HOMBRE-YOU-TOO-137135699641697\/\" target=\"_blank\" rel=\"noopener\"><img decoding=\"async\" src=\"https:\/\/www.burgosdeporte.com\/wp-content\/uploads\/2019\/11\/youtoo.gif\" alt=\"\" class=\"wp-image-32589\"\/><\/a><\/figure><\/div>\n","protected":false},"excerpt":{"rendered":"<p>El Polideportivo Ariznavarra de Vitoria acogi\u00f3 la celebraci\u00f3n de la Copa Vasca de Gimnasia Art\u00edstica Femenina y Masculina, donde acudieron tres chicas y tres chicos del Club Gimnasia Burgos. Este torneo les sirvi\u00f3 a los gimnastas del club burgal\u00e9s como preparaci\u00f3n para el pr\u00f3ximo Campeonato de Espa\u00f1a de GAF y GAM, que se celebrar\u00e1 a [&hellip;]<\/p>\n","protected":false},"author":10,"featured_media":77886,"comment_status":"closed","ping_status":"closed","sticky":false,"template":"","format":"standard","meta":{"_monsterinsights_skip_tracking":false,"_monsterinsights_sitenote_active":false,"_monsterinsights_sitenote_note":"","_monsterinsights_sitenote_category":0,"footnotes":""},"categories":[191,394,15,8],"tags":[278,192,446],"class_list":{"0":"post-77885","1":"post","2":"type-post","3":"status-publish","4":"format-standard","5":"has-post-thumbnail","7":"category-gimnasia","8":"category-gimnasia-artistica","9":"category-otros","10":"category-tipo-noticia","11":"tag-clubgimnasiaburgos","12":"tag-gimnasia","13":"tag-gimnasiaartistica"},"views":35,"_links":{"self":[{"href":"https:\/\/www.burgosdeporte.com\/index.php?rest_route=\/wp\/v2\/posts\/77885","targetHints":{"allow":["GET"]}}],"collection":[{"href":"https:\/\/www.burgosdeporte.com\/index.php?rest_route=\/wp\/v2\/posts"}],"about":[{"href":"https:\/\/www.burgosdeporte.com\/index.php?rest_route=\/wp\/v2\/types\/post"}],"author":[{"embeddable":true,"href":"https:\/\/www.burgosdeporte.com\/index.php?rest_route=\/wp\/v2\/users\/10"}],"replies":[{"embeddable":true,"href":"https:\/\/www.burgosdeporte.com\/index.php?rest_route=%2Fwp%2Fv2%2Fcomments&post=77885"}],"version-history":[{"count":0,"href":"https:\/\/www.burgosdeporte.com\/index.php?rest_route=\/wp\/v2\/posts\/77885\/revisions"}],"wp:featuredmedia":[{"embeddable":true,"href":"https:\/\/www.burgosdeporte.com\/index.php?rest_route=\/"}],"wp:attachment":[{"href":"https:\/\/www.burgosdeporte.com\/index.php?rest_route=%2Fwp%2Fv2%2Fmedia&parent=77885"}],"wp:term":[{"taxonomy":"category","embeddable":true,"href":"https:\/\/www.burgosdeporte.com\/index.php?rest_route=%2Fwp%2Fv2%2Fcategories&post=77885"},{"taxonomy":"post_tag","embeddable":true,"href":"https:\/\/www.burgosdeporte.com\/index.php?rest_route=%2Fwp%2Fv2%2Ftags&post=77885"}],"curies":[{"name":"wp","href":"https:\/\/api.w.org\/{rel}","templated":true}]}}