{"id":77799,"date":"2022-06-20T21:14:21","date_gmt":"2022-06-20T19:14:21","guid":{"rendered":"https:\/\/www.burgosdeporte.com\/?p=77799"},"modified":"2022-06-20T21:14:21","modified_gmt":"2022-06-20T19:14:21","slug":"gran-actuacion-del-gimnasta-burgales-david-martinez-en-vitoria","status":"publish","type":"post","link":"https:\/\/www.burgosdeporte.com\/?p=77799","title":{"rendered":"Gran actuaci\u00f3n del gimnasta burgal\u00e9s David Mart\u00ednez en Vitoria"},"content":{"rendered":"\n<div class=\"wp-block-image\"><figure class=\"aligncenter size-full\"><a href=\"https:\/\/www.ferroplas.com\/\" target=\"_blank\" rel=\"noopener\"><img decoding=\"async\" src=\"https:\/\/www.burgosdeporte.com\/wp-content\/uploads\/2019\/10\/Ferroplas.gif\" alt=\"\" class=\"wp-image-32482\"\/><\/a><\/figure><\/div>\n\n\n\n<p>El Polideportivo Municipal Ariznabarra de Vitoria fue el escenario de dos competiciones de gimnasia art\u00edstica, el Campeonato de Euskadi y la Copa Vasca, en las que hubo presencia burgalesa con el gimnasta David Mart\u00ednez.<\/p>\n\n\n\n<p>A pesar de la ola de calor, ambas competiciones se desarrollaron con una gran participaci\u00f3n de equipos de distintas ciudades como Gij\u00f3n, Zaragoza, Pamplona, Burgos.<\/p>\n\n\n\n<p>Fue una competici\u00f3n muy esperada por el burgal\u00e9s David Mart\u00ednez Herrero, que estuvo acompa\u00f1ado en pista en esta ocasi\u00f3n por Orlando Verdugo. El joven gimnasta realiz\u00f3 una gran rutina junto a todos sus compa\u00f1eros de equipo Marcos V., Ian, Unai, Aratz, Marcos M.<\/p>\n\n\n\n<div class=\"wp-block-image\"><figure class=\"aligncenter size-full\"><img decoding=\"async\" src=\"https:\/\/www.burgosdeporte.com\/wp-content\/uploads\/2022\/06\/David-Martinez-Gimnasia-01.jpg\" alt=\"\" class=\"wp-image-77793\"\/><\/figure><\/div>\n\n\n\n<p>Cabe destacar los ejercicios en barra, paralelas y caballo con arcos para alzarse con el t\u00edtulo de Campe\u00f3n de Euskadi en V\u00eda Ol\u00edmpica 6 y el primer puesto en la Copa Vasca de la misma categor\u00eda.<\/p>\n\n\n\n<p>Grandes resultados en lo m\u00e1s alto para todos ellos, para su entrenador Xabier Larrimbe y para el club Arabatxo en su preparaci\u00f3n para el Campeonato de Espa\u00f1a a finales de julio en Pamplona.<\/p>\n\n\n\n<div class=\"wp-block-image\"><figure class=\"aligncenter size-full\"><a href=\"https:\/\/www.ferroplas.com\/\" target=\"_blank\" rel=\"noopener\"><img decoding=\"async\" src=\"https:\/\/www.burgosdeporte.com\/wp-content\/uploads\/2019\/10\/Ferroplas.gif\" alt=\"\" class=\"wp-image-32482\"\/><\/a><\/figure><\/div>\n","protected":false},"excerpt":{"rendered":"<p>El Polideportivo Municipal Ariznabarra de Vitoria fue el escenario de dos competiciones de gimnasia art\u00edstica, el Campeonato de Euskadi y la Copa Vasca, en las que hubo presencia burgalesa con el gimnasta David Mart\u00ednez. A pesar de la ola de calor, ambas competiciones se desarrollaron con una gran participaci\u00f3n de equipos de distintas ciudades como [&hellip;]<\/p>\n","protected":false},"author":10,"featured_media":77794,"comment_status":"closed","ping_status":"closed","sticky":false,"template":"","format":"standard","meta":{"_monsterinsights_skip_tracking":false,"_monsterinsights_sitenote_active":false,"_monsterinsights_sitenote_note":"","_monsterinsights_sitenote_category":0,"footnotes":""},"categories":[191,15,8],"tags":[190,192],"class_list":{"0":"post-77799","1":"post","2":"type-post","3":"status-publish","4":"format-standard","5":"has-post-thumbnail","7":"category-gimnasia","8":"category-otros","9":"category-tipo-noticia","10":"tag-davidmartinez","11":"tag-gimnasia"},"views":44,"_links":{"self":[{"href":"https:\/\/www.burgosdeporte.com\/index.php?rest_route=\/wp\/v2\/posts\/77799","targetHints":{"allow":["GET"]}}],"collection":[{"href":"https:\/\/www.burgosdeporte.com\/index.php?rest_route=\/wp\/v2\/posts"}],"about":[{"href":"https:\/\/www.burgosdeporte.com\/index.php?rest_route=\/wp\/v2\/types\/post"}],"author":[{"embeddable":true,"href":"https:\/\/www.burgosdeporte.com\/index.php?rest_route=\/wp\/v2\/users\/10"}],"replies":[{"embeddable":true,"href":"https:\/\/www.burgosdeporte.com\/index.php?rest_route=%2Fwp%2Fv2%2Fcomments&post=77799"}],"version-history":[{"count":0,"href":"https:\/\/www.burgosdeporte.com\/index.php?rest_route=\/wp\/v2\/posts\/77799\/revisions"}],"wp:featuredmedia":[{"embeddable":true,"href":"https:\/\/www.burgosdeporte.com\/index.php?rest_route=\/"}],"wp:attachment":[{"href":"https:\/\/www.burgosdeporte.com\/index.php?rest_route=%2Fwp%2Fv2%2Fmedia&parent=77799"}],"wp:term":[{"taxonomy":"category","embeddable":true,"href":"https:\/\/www.burgosdeporte.com\/index.php?rest_route=%2Fwp%2Fv2%2Fcategories&post=77799"},{"taxonomy":"post_tag","embeddable":true,"href":"https:\/\/www.burgosdeporte.com\/index.php?rest_route=%2Fwp%2Fv2%2Ftags&post=77799"}],"curies":[{"name":"wp","href":"https:\/\/api.w.org\/{rel}","templated":true}]}}