{"id":77394,"date":"2022-06-15T00:28:57","date_gmt":"2022-06-14T22:28:57","guid":{"rendered":"https:\/\/www.burgosdeporte.com\/?p=77394"},"modified":"2022-06-15T00:28:57","modified_gmt":"2022-06-14T22:28:57","slug":"marta-fernandez-doble-campeona-del-mundo-en-madeira","status":"publish","type":"post","link":"https:\/\/www.burgosdeporte.com\/?p=77394","title":{"rendered":"Marta Fern\u00e1ndez, doble campeona del mundo en Madeira"},"content":{"rendered":"\n<h2 class=\"wp-block-heading\">La burgalesa consigue el Oro en los 50 mariposa y en los 150 estilos S4-S5. Tambi\u00e9n logra la medalla de Bronce en los 4X50 estilos.<\/h2>\n\n\n\n<p class=\"has-text-align-right\"><em>Marta Fern\u00e1ndez.- Foto: Comit\u00e9 Paral\u00edmpico Espa\u00f1ol <\/em><\/p>\n\n\n\n<div class=\"wp-block-image\"><figure class=\"aligncenter size-full\"><img decoding=\"async\" src=\"https:\/\/www.burgosdeporte.com\/wp-content\/uploads\/2022\/03\/image002.gif\" alt=\"\" class=\"wp-image-70600\"\/><\/figure><\/div>\n\n\n\n<p>La nadadora paral\u00edmpica burgalesa, Marta Fern\u00e1ndez, sigue dando grandes alegr\u00edas y ofreciendo su mejor estado de forma. Marta logr\u00f3 en el Mundial de Madeira en una brillante jornada de martes, dos  nuevos t\u00edtulos como campeona del mundo de nataci\u00f3n paral\u00edmpica, con apenas 35 minutos de diferencia, al ganar&nbsp;en los 50 metros mariposa y los 150 estilos de su clase S4-S5.<\/p>\n\n\n\n<p>Marta Fern\u00e1ndez, lograba el oro en los 50 metros mariposa, clase S5, tras&nbsp;vencer con mucha autoridad la final con un tiempo de 41.91, sin dar opciones a la turca&nbsp;Sevilay Ozturk, segunda con 44.38. El bronce se lo adjudic\u00f3 la brasile\u00f1a&nbsp;Joana Da Silva Neves.<\/p>\n\n\n\n<p>La otra medalla de oro de Marta Fern\u00e1ndez fue en los 150 estilos, clase S4, en los que volvi\u00f3 a demostrar su superioridad con 3:00.02, aventajando en cuatro segundos a la sudafricana&nbsp;Kat Swanepoel&nbsp;y en ocho a la mexicana&nbsp;Nely Miranda Herrera.<\/p>\n\n\n\n<p>Y el colof\u00f3n a la jornada de la burgalesa llegaba con el bronce en el relevo 4&#215;50 estilos 20 puntos mixto junto a&nbsp;Toni Ponce, Miguel Luque y Nahia Zudaire&nbsp;(2:42.81).<\/p>\n\n\n\n<p>Estos buenos resultados refrendan la progresi\u00f3n de Marta Fern\u00e1ndez, que el a\u00f1o pasado, en los Juegos de Tokio, se llev\u00f3 un oro en 50 metros braza (SB3), una plata en los 50 mariposa (S5) y un bronce en los 50 libre (S4). Los \u00e9xitos no abandonan a la burgalesa fruto de su trabajo continuado y su enorme ilusi\u00f3n en seguir subiendo pelda\u00f1os dentro de su trayectoria deportiva. <\/p>\n\n\n\n<p>Junto con las medallas de Marta Fern\u00e1ndez, la delegaci\u00f3n espa\u00f1ola suma 15 medallas (3 oros, 5 platas y 7 bronces) en un Mundial cuya clasificaci\u00f3n general lidera Italia con 28 preseas.<\/p>\n","protected":false},"excerpt":{"rendered":"<p>La burgalesa consigue el Oro en los 50 mariposa y en los 150 estilos S4-S5. Tambi\u00e9n logra la medalla de Bronce en los 4X50 estilos. Marta Fern\u00e1ndez.- Foto: Comit\u00e9 Paral\u00edmpico Espa\u00f1ol La nadadora paral\u00edmpica burgalesa, Marta Fern\u00e1ndez, sigue dando grandes alegr\u00edas y ofreciendo su mejor estado de forma. Marta logr\u00f3 en el Mundial de Madeira [&hellip;]<\/p>\n","protected":false},"author":10,"featured_media":77397,"comment_status":"closed","ping_status":"closed","sticky":false,"template":"","format":"standard","meta":{"_monsterinsights_skip_tracking":false,"_monsterinsights_sitenote_active":false,"_monsterinsights_sitenote_note":"","_monsterinsights_sitenote_category":0,"footnotes":""},"categories":[205,8],"tags":[414,1213],"class_list":{"0":"post-77394","1":"post","2":"type-post","3":"status-publish","4":"format-standard","5":"has-post-thumbnail","7":"category-natacion","8":"category-tipo-noticia","9":"tag-martafernandez","10":"tag-mundialmadeira"},"views":38,"_links":{"self":[{"href":"https:\/\/www.burgosdeporte.com\/index.php?rest_route=\/wp\/v2\/posts\/77394","targetHints":{"allow":["GET"]}}],"collection":[{"href":"https:\/\/www.burgosdeporte.com\/index.php?rest_route=\/wp\/v2\/posts"}],"about":[{"href":"https:\/\/www.burgosdeporte.com\/index.php?rest_route=\/wp\/v2\/types\/post"}],"author":[{"embeddable":true,"href":"https:\/\/www.burgosdeporte.com\/index.php?rest_route=\/wp\/v2\/users\/10"}],"replies":[{"embeddable":true,"href":"https:\/\/www.burgosdeporte.com\/index.php?rest_route=%2Fwp%2Fv2%2Fcomments&post=77394"}],"version-history":[{"count":0,"href":"https:\/\/www.burgosdeporte.com\/index.php?rest_route=\/wp\/v2\/posts\/77394\/revisions"}],"wp:featuredmedia":[{"embeddable":true,"href":"https:\/\/www.burgosdeporte.com\/index.php?rest_route=\/"}],"wp:attachment":[{"href":"https:\/\/www.burgosdeporte.com\/index.php?rest_route=%2Fwp%2Fv2%2Fmedia&parent=77394"}],"wp:term":[{"taxonomy":"category","embeddable":true,"href":"https:\/\/www.burgosdeporte.com\/index.php?rest_route=%2Fwp%2Fv2%2Fcategories&post=77394"},{"taxonomy":"post_tag","embeddable":true,"href":"https:\/\/www.burgosdeporte.com\/index.php?rest_route=%2Fwp%2Fv2%2Ftags&post=77394"}],"curies":[{"name":"wp","href":"https:\/\/api.w.org\/{rel}","templated":true}]}}