{"id":75897,"date":"2022-05-26T15:24:04","date_gmt":"2022-05-26T13:24:04","guid":{"rendered":"https:\/\/www.burgosdeporte.com\/?p=75897"},"modified":"2022-05-26T15:24:04","modified_gmt":"2022-05-26T13:24:04","slug":"presencia-burgalesa-en-el-autonomico-de-gimnasia-ritmica","status":"publish","type":"post","link":"https:\/\/www.burgosdeporte.com\/?p=75897","title":{"rendered":"Presencia burgalesa en el auton\u00f3mico de gimnasia r\u00edtmica"},"content":{"rendered":"\n<div class=\"wp-block-image\"><figure class=\"aligncenter size-full\"><a href=\"https:\/\/castillafloristeria.com\/\" target=\"_blank\" rel=\"noopener\"><img decoding=\"async\" src=\"https:\/\/www.burgosdeporte.com\/wp-content\/uploads\/2020\/02\/FCastilla_2020.gif\" alt=\"\" class=\"wp-image-37529\"\/><\/a><\/figure><\/div>\n\n\n\n<p>Se celebr\u00f3 en Salamanca la primera fase de la Liga Auton\u00f3mica individual Promesas y Conjuntos Absoluto de gimnasia r\u00edtmica, donde estuvieron presentes las deportistas del Club Gimnasia Burgos.<\/p>\n\n\n\n<p>Las primeras en competir fueron las individuales de promesas: cuatro alevines y una infantil. Ariana Manzano, Noa Cuesta, Marina del R\u00edo e In\u00e9s Portoles compitieron en la categor\u00eda alev\u00edn con el aparato de pelota. Las cuatro demostraron su mejora y as\u00ed se vio en sus notas y clasificaci\u00f3n.<\/p>\n\n\n\n<p>En la categor\u00eda alev\u00edn, hab\u00eda 28 competidoras, de las que consiguieron clasificarse Marina e In\u00e9s, In\u00e9s con una cuarta plaza cerca del bronce. Alexandra Mititelu, gimnasta infantil que compiti\u00f3 con un ejercicio de mazas, tuvo unos peque\u00f1os fallos que la dejaron fuera de la final, pero el club espera que le sirva para el auton\u00f3mico que se celebrar\u00e1 este domingo y puedo quedar entre los primeros puestos.<\/p>\n\n\n\n<p>El d\u00eda termin\u00f3 con la fase inicial de conjuntos absoluto en la que particip\u00f3 el conjunto infantil formado por: Andrea M\u00e1rquez, Ariadne Rojo, Eva Velasco, Irene Mi\u00f1\u00f3n, Jara Molinero y Paola Sadornil. El conjunto, que ha aumentado la dificultad de cara a la pr\u00f3xima Copa de Espa\u00f1a, consigui\u00f3 la medalla plata y con ellos el pase a la final.<\/p>\n\n\n\n<div class=\"wp-block-image\"><figure class=\"aligncenter size-full\"><img decoding=\"async\" src=\"https:\/\/www.burgosdeporte.com\/wp-content\/uploads\/2022\/05\/Club-Gimnasia-Burgos-Salamanca.jpg\" alt=\"\" class=\"wp-image-75898\"\/><\/figure><\/div>\n\n\n\n<p><strong>Campeonato auton\u00f3mico de equipos absoluto<\/strong><\/p>\n\n\n\n<p>En Salamanca tambi\u00e9n se celebr\u00f3 el campeonato auton\u00f3mico de equipos absoluto de gimnasia r\u00edtmica. El Club Gimnasia Burgos llevo al campeonato a dos equipos infantiles formados por:<\/p>\n\n\n\n<ul class=\"wp-block-list\"><li>Equipo A: Ariadne Rojo, Jara Molinero y Paola Sadornil.<\/li><li>Equipo B: Andrea M\u00e1rquez, Eva Velasco e Irene Mi\u00f1\u00f3n.<\/li><\/ul>\n\n\n\n<p>Los resultados de la competici\u00f3n de equipos llegan por medio de la suma de las notas de los tres ejercicios individuales de cuerda, mazas y pelota.<\/p>\n\n\n\n<p>Las primeras en competir fueron las cuerdas, abri\u00f3 la competici\u00f3n Andrea M\u00e1rquez que consigui\u00f3 la 4\u00aa posici\u00f3n gracias a la dificultad de aparato que lleva. Poco despu\u00e9s compiti\u00f3 Jara Molinero tambi\u00e9n con cuerda consiguiendo la medalla de bronce.<\/p>\n\n\n\n<p>Despu\u00e9s fue el turno de las pelotas, Irene Mi\u00f1\u00f3n y Paola Sadornil realizaron unos ejercicios magn\u00edficos, pero no consiguieron subir al podio.<\/p>\n\n\n\n<p>En \u00faltimo lugar compitieron las mazas, Eva Velasco que quedo en quinta posici\u00f3n y Ariadne Rojo que subi\u00f3 al podio en tercera posici\u00f3n.<\/p>\n\n\n\n<p>Gracias a la gran competici\u00f3n que realizaron todas las gimnastas de manera individual los dos equipos consiguieron pasar al campeonato de Espa\u00f1a Equipos Iberdrola GR, que se celebrar\u00e1 del 30 junio al 3 de julio. Cabe destacar el tercer puesto del equipo formado por Ariadne, Jara y Paola.<\/p>\n\n\n\n<div class=\"wp-block-image\"><figure class=\"aligncenter size-full\"><a href=\"https:\/\/castillafloristeria.com\/\" target=\"_blank\" rel=\"noopener\"><img decoding=\"async\" src=\"https:\/\/www.burgosdeporte.com\/wp-content\/uploads\/2020\/02\/FCastilla_2020.gif\" alt=\"\" class=\"wp-image-37529\"\/><\/a><\/figure><\/div>\n","protected":false},"excerpt":{"rendered":"<p>Se celebr\u00f3 en Salamanca la primera fase de la Liga Auton\u00f3mica individual Promesas y Conjuntos Absoluto de gimnasia r\u00edtmica, donde estuvieron presentes las deportistas del Club Gimnasia Burgos. Las primeras en competir fueron las individuales de promesas: cuatro alevines y una infantil. Ariana Manzano, Noa Cuesta, Marina del R\u00edo e In\u00e9s Portoles compitieron en la [&hellip;]<\/p>\n","protected":false},"author":10,"featured_media":75899,"comment_status":"closed","ping_status":"closed","sticky":false,"template":"","format":"standard","meta":{"_monsterinsights_skip_tracking":false,"_monsterinsights_sitenote_active":false,"_monsterinsights_sitenote_note":"","_monsterinsights_sitenote_category":0,"footnotes":""},"categories":[191,15,8],"tags":[278,192],"class_list":{"0":"post-75897","1":"post","2":"type-post","3":"status-publish","4":"format-standard","5":"has-post-thumbnail","7":"category-gimnasia","8":"category-otros","9":"category-tipo-noticia","10":"tag-clubgimnasiaburgos","11":"tag-gimnasia"},"views":45,"_links":{"self":[{"href":"https:\/\/www.burgosdeporte.com\/index.php?rest_route=\/wp\/v2\/posts\/75897","targetHints":{"allow":["GET"]}}],"collection":[{"href":"https:\/\/www.burgosdeporte.com\/index.php?rest_route=\/wp\/v2\/posts"}],"about":[{"href":"https:\/\/www.burgosdeporte.com\/index.php?rest_route=\/wp\/v2\/types\/post"}],"author":[{"embeddable":true,"href":"https:\/\/www.burgosdeporte.com\/index.php?rest_route=\/wp\/v2\/users\/10"}],"replies":[{"embeddable":true,"href":"https:\/\/www.burgosdeporte.com\/index.php?rest_route=%2Fwp%2Fv2%2Fcomments&post=75897"}],"version-history":[{"count":0,"href":"https:\/\/www.burgosdeporte.com\/index.php?rest_route=\/wp\/v2\/posts\/75897\/revisions"}],"wp:featuredmedia":[{"embeddable":true,"href":"https:\/\/www.burgosdeporte.com\/index.php?rest_route=\/"}],"wp:attachment":[{"href":"https:\/\/www.burgosdeporte.com\/index.php?rest_route=%2Fwp%2Fv2%2Fmedia&parent=75897"}],"wp:term":[{"taxonomy":"category","embeddable":true,"href":"https:\/\/www.burgosdeporte.com\/index.php?rest_route=%2Fwp%2Fv2%2Fcategories&post=75897"},{"taxonomy":"post_tag","embeddable":true,"href":"https:\/\/www.burgosdeporte.com\/index.php?rest_route=%2Fwp%2Fv2%2Ftags&post=75897"}],"curies":[{"name":"wp","href":"https:\/\/api.w.org\/{rel}","templated":true}]}}