{"id":75305,"date":"2022-05-19T13:42:42","date_gmt":"2022-05-19T11:42:42","guid":{"rendered":"https:\/\/www.burgosdeporte.com\/?p=75305"},"modified":"2022-05-19T13:42:42","modified_gmt":"2022-05-19T11:42:42","slug":"el-club-ciudad-deportiva-participa-en-el-torneo-internacional-txapelgym","status":"publish","type":"post","link":"https:\/\/www.burgosdeporte.com\/?p=75305","title":{"rendered":"El Club Ciudad Deportiva participa en el Torneo Internacional Txapelgym"},"content":{"rendered":"\n<div class=\"wp-block-image\"><figure class=\"aligncenter size-full\"><a href=\"https:\/\/www.ferroplas.com\/\" target=\"_blank\" rel=\"noopener\"><img decoding=\"async\" src=\"https:\/\/www.burgosdeporte.com\/wp-content\/uploads\/2019\/10\/Ferroplas.gif\" alt=\"\" class=\"wp-image-32482\"\/><\/a><\/figure><\/div>\n\n\n\n<p class=\"has-text-align-right\">(<em>Fotograf\u00eda: Club Ciudad Deportiva de Burgos<\/em>)<\/p>\n\n\n\n<p>El Club Ciudad Deportiva de Burgos particip\u00f3 en el Torneo Internacional Txapelgym de GAF, organizado por la Federaci\u00f3n Alavesa de Gimnasia en el Polideportivo Mendizorrotza de Vitoria, y que cont\u00f3 con la presencia de m\u00e1s de 400 gimnastas de 30 clubes. Esta competici\u00f3n sirve de rodaje para el Campeonato de Espa\u00f1a de GAF que se celebrar\u00e1 en Lleida del 24 al 26 de junio.<\/p>\n\n\n\n<p>El club burgal\u00e9s acudi\u00f3 al torneo y logr\u00f3 te\u00f1ir de su caracter\u00edstico color rosa muchos de los podios, adem\u00e1s de las grandes instant\u00e1neas en las que se pod\u00eda ver su mejor gimnasia y la cualidad m\u00e1s valiosa del club, el apoyo incondicional de toda su afici\u00f3n que all\u00ed donde van no pasan desapercibida.&nbsp;<\/p>\n\n\n\n<p>En la jornada del s\u00e1bado, el club compiti\u00f3 en las siguientes categor\u00edas:<\/p>\n\n\n\n<p>Base 3: Adriana Ruiz Castroviejo, M\u00f3nica Garc\u00eda Miguel y Alicia Ortega Saiz. Este tr\u00edo sobresali\u00f3 con su elegancia en sus cuatro rotaciones, siendo espectaculares sus pases, pero la suerte no estuvo de su lado y no consiguieron medallas. Las propias gimnastas fueron conscientes de que todav\u00eda hay que pulir peque\u00f1os matices para no perder d\u00e9cimas en la pr\u00f3xima cita y volver a casa con los so\u00f1ados metales.&nbsp;<\/p>\n\n\n\n<p>Base 4: Valeria Prieto Hern\u00e1n, Elia P\u00e1ramo Aguilar y Ariadna Ord\u00f3\u00f1ez Navarro. Estas tres gimnastas llevan compitiendo juntas desde los 7 a\u00f1os. Lo que las caracteriza, a pesar de tener distintas personalidades, es que no compiten solo por sus logros personales, sino por dejar al club en la mejor posici\u00f3n posible. En esta categor\u00eda, el sabor de la victoria lleg\u00f3 por medio de Valeria Prieto Hern\u00e1n, que consigui\u00f3 un impresionante oro en barra, con un espectacular y vibrante ejercicio. Este oro lo comparti\u00f3 con alegr\u00eda con sus dos compa\u00f1eras, que siempre la han apoyado cuando otros campeonatos no han ido seg\u00fan lo esperado.<\/p>\n\n\n\n<p>Base 5: Amelia Ord\u00f3\u00f1ez Navarro, gimnasta que seg\u00fan entr\u00f3 al calentamiento, no perdi\u00f3 en ning\u00fan momento su caracter\u00edstica sonrisa que le hizo brillar y le dio seguridad en s\u00ed misma en la lucha por la competici\u00f3n. Aunque no consigui\u00f3 medalla, s\u00ed se llev\u00f3 con ella todo el orgullo y atenci\u00f3n de las gradas.<\/p>\n\n\n\n<p>Base 6: Claudia Mart\u00ednez Azn\u00e1rez, Carmen Busto de Lara y Victoria Gardeazabal Ba\u00f1uelos. Como viene siendo habitual, estas tres gimnastas pisan con garra y luchan hasta el \u00faltimo minuto de competici\u00f3n con gran auto-exigencia. Las ovaciones y felicitaciones de todo su club y compa\u00f1eras fueron para Claudia Mart\u00ednez Azn\u00e1rez, que ha encontrado esa templanza para conseguir concentraci\u00f3n absoluta y as\u00ed hacer la mejor gimnasia sin errores. Lograron la mirada de admiraci\u00f3n de sus padres y t\u00e9cnicos, consiguiendo la 6\u00ba posici\u00f3n en la Clasificaci\u00f3n General y medalla de oro en barra con su perfecta ejecuci\u00f3n en el ejercicio.<\/p>\n\n\n\n<p>Base 7: Alba Gonz\u00e1lez Portillo. Esta gran gimnasta es ejemplo a seguir por todas sus compa\u00f1eras, a la que piden consejo por su disciplina y constancia, brill\u00f3 con esplendor en sus ejercicios, el nivel de su categor\u00eda era muy elevado y no pudo subir al podium esta vez, pero le ha dado m\u00e1s fuerza si cabe para seguir luchando por conseguir su pr\u00f3xima medalla.<\/p>\n\n\n\n<p>En la jornada del domingo, el club compet\u00eda con sus jovenc\u00edsimas gimnastas, que desbordaban felicidad de competir en un Torneo de este nivel aun teniendo mucha competencia.<\/p>\n\n\n\n<p>Base 1: Jimena Pe\u00f1a Ortega, Mar\u00eda Nu\u00f1o Moreno, Valeria Ruiz Castroviejo, Alba Fern\u00e1ndez Diez, Sandra Terreros Garc\u00eda y Noa Gancedo Requejo, ya en el desfile, se las vio con el tes\u00f3n de entrar a competir e intentar alzarse con los m\u00e1ximos triunfos. Finalmente consiguieron en la general el 2\u00ba Jimena Pe\u00f1a Ortega, 3\u00ba Mar\u00eda Nu\u00f1o Moreno y 6\u00ba Valeria Ruiz Castroviejo. Adem\u00e1s Valeria Ruiz Castroviejo quiso demostrar a sus compa\u00f1eras de categor\u00edas superiores que en este Torneo el Club arrasar\u00eda en el aparato de barra, en el que ella consigui\u00f3 medalla de plata. Jimena Pe\u00f1a Ortega consigui\u00f3 tambi\u00e9n un bronce con su preciso ejercicio de asim\u00e9tricas.&nbsp;<\/p>\n\n\n\n<p>Base 2: Julia V\u00e1zquez Mogoll\u00f3n, Sara Andr\u00e9s Guerra, Manuela Rodr\u00edguez Pinillos y Paula Fern\u00e1ndez Alonso y a las cuales las caracteriza la disciplina y el car\u00e1cter como han demostrado aun siendo tan peque\u00f1as para poder estar en una competici\u00f3n como esta y poder templar los nervios y rotar por los cuatro aparatos como gimnastas experimentadas, a pesar de ser de sus primeras competiciones, consiguieron un podio, alcanzado por Sara Andr\u00e9s Guerra siendo plata en salto, logro que todas su compa\u00f1eras celebraron con ella.&nbsp;<\/p>\n\n\n\n<p>Todas las gimnastas fueron felicitadas no solo por colgarse las medallas, sino por que hicieron vibrar a su afici\u00f3n y a sus t\u00e9cnicos, Mar\u00eda Pilar Sancho y Jos\u00e9 Luis S\u00e1nchez, que no solo han hecho de todas estas ni\u00f1as unas verdaderas gimnastas de primera, sino una hermandad que disfruta con este deporte tan disciplinado, arriesgado, y demostr\u00e1ndoles que van a ir a por todas en el pr\u00f3ximo Campeonato de Espa\u00f1a.<\/p>\n\n\n\n<div class=\"wp-block-image\"><figure class=\"aligncenter size-full\"><a href=\"https:\/\/www.ferroplas.com\/\" target=\"_blank\" rel=\"noopener\"><img decoding=\"async\" src=\"https:\/\/www.burgosdeporte.com\/wp-content\/uploads\/2019\/10\/Ferroplas.gif\" alt=\"\" class=\"wp-image-32482\"\/><\/a><\/figure><\/div>\n","protected":false},"excerpt":{"rendered":"<p>(Fotograf\u00eda: Club Ciudad Deportiva de Burgos) El Club Ciudad Deportiva de Burgos particip\u00f3 en el Torneo Internacional Txapelgym de GAF, organizado por la Federaci\u00f3n Alavesa de Gimnasia en el Polideportivo Mendizorrotza de Vitoria, y que cont\u00f3 con la presencia de m\u00e1s de 400 gimnastas de 30 clubes. Esta competici\u00f3n sirve de rodaje para el Campeonato [&hellip;]<\/p>\n","protected":false},"author":10,"featured_media":75306,"comment_status":"closed","ping_status":"closed","sticky":false,"template":"","format":"standard","meta":{"_monsterinsights_skip_tracking":false,"_monsterinsights_sitenote_active":false,"_monsterinsights_sitenote_note":"","_monsterinsights_sitenote_category":0,"footnotes":""},"categories":[191,394,15,8],"tags":[428,192,446],"class_list":{"0":"post-75305","1":"post","2":"type-post","3":"status-publish","4":"format-standard","5":"has-post-thumbnail","7":"category-gimnasia","8":"category-gimnasia-artistica","9":"category-otros","10":"category-tipo-noticia","11":"tag-clubciudaddeportivaburgos","12":"tag-gimnasia","13":"tag-gimnasiaartistica"},"views":44,"_links":{"self":[{"href":"https:\/\/www.burgosdeporte.com\/index.php?rest_route=\/wp\/v2\/posts\/75305","targetHints":{"allow":["GET"]}}],"collection":[{"href":"https:\/\/www.burgosdeporte.com\/index.php?rest_route=\/wp\/v2\/posts"}],"about":[{"href":"https:\/\/www.burgosdeporte.com\/index.php?rest_route=\/wp\/v2\/types\/post"}],"author":[{"embeddable":true,"href":"https:\/\/www.burgosdeporte.com\/index.php?rest_route=\/wp\/v2\/users\/10"}],"replies":[{"embeddable":true,"href":"https:\/\/www.burgosdeporte.com\/index.php?rest_route=%2Fwp%2Fv2%2Fcomments&post=75305"}],"version-history":[{"count":0,"href":"https:\/\/www.burgosdeporte.com\/index.php?rest_route=\/wp\/v2\/posts\/75305\/revisions"}],"wp:featuredmedia":[{"embeddable":true,"href":"https:\/\/www.burgosdeporte.com\/index.php?rest_route=\/"}],"wp:attachment":[{"href":"https:\/\/www.burgosdeporte.com\/index.php?rest_route=%2Fwp%2Fv2%2Fmedia&parent=75305"}],"wp:term":[{"taxonomy":"category","embeddable":true,"href":"https:\/\/www.burgosdeporte.com\/index.php?rest_route=%2Fwp%2Fv2%2Fcategories&post=75305"},{"taxonomy":"post_tag","embeddable":true,"href":"https:\/\/www.burgosdeporte.com\/index.php?rest_route=%2Fwp%2Fv2%2Ftags&post=75305"}],"curies":[{"name":"wp","href":"https:\/\/api.w.org\/{rel}","templated":true}]}}