{"id":74745,"date":"2022-05-12T13:51:57","date_gmt":"2022-05-12T11:51:57","guid":{"rendered":"https:\/\/www.burgosdeporte.com\/?p=74745"},"modified":"2022-05-12T13:51:57","modified_gmt":"2022-05-12T11:51:57","slug":"la-federacion-de-padel-premia-la-labor-de-la-escuela-prado-sport","status":"publish","type":"post","link":"https:\/\/www.burgosdeporte.com\/?p=74745","title":{"rendered":"La Federaci\u00f3n de P\u00e1del premia la labor de la Escuela Prado Sport"},"content":{"rendered":"\n<div class=\"wp-block-image\"><figure class=\"aligncenter size-full\"><a href=\"https:\/\/felixrubio.es\/\" target=\"_blank\" rel=\"noopener\"><img decoding=\"async\" src=\"https:\/\/www.burgosdeporte.com\/wp-content\/uploads\/2020\/01\/FelixRubio-scaled.gif\" alt=\"\" class=\"wp-image-33326\"\/><\/a><\/figure><\/div>\n\n\n\n<p>La Escuela de P\u00e1del de Prado Sport ha sido reconocida por su labor en la pasada gala PADELCYL. Concretamente recibi\u00f3 la Menci\u00f3n Especial por su excelente trabajo con la escuela de menores, junto con Padel Fit.<\/p>\n\n\n\n<p>El galard\u00f3n fue recogido por Jos\u00e9 Huedo, Coordinador del \u00c1rea de P\u00e1del de Prado Sport y director de la Escuela, de manos de Ram\u00f3n Morcillo Presidente de la Federaci\u00f3n Espa\u00f1ola de P\u00e1del.<\/p>\n\n\n\n<p>La Escuela de P\u00e1del Prado Sport se inici\u00f3 con la apertura del Centro Deportivo hace 10 a\u00f1os, y durante todo este tiempo se ha consolidado gracias a la labor de promoci\u00f3n a trav\u00e9s de sus cursos, el club de competici\u00f3n, las Masterclass con profesionales y la celebraci\u00f3n de torneos. Su crecimiento ha sido continuo y constante,&nbsp; y actualmente m\u00e1s de 100 menores&nbsp; est\u00e1n inscritos en sus cursos.<\/p>\n\n\n\n<p>El trabajo de los monitores y el esfuerzo y la ilusi\u00f3n de los ni\u00f1os de la Escuela de P\u00e1del est\u00e1n haciendo que poco a poco lleguen tambi\u00e9n los buenos resultados en las competiciones en todas las categor\u00edas.<\/p>\n\n\n\n<p><strong>Pistas de Squash Prado Sport<\/strong><\/p>\n\n\n\n<p>Pr\u00f3ximamente se estrenar\u00e1n las nuevas pistas de Squash en Prado Sport. Un deporte del que tambi\u00e9n se pretende hacer Escuela, de la mano de Abel Mart\u00edn, jugador profesional. Abel se ha proclamado recientemente Campe\u00f3n del Open Nacional de Palencia 2022.<\/p>\n\n\n\n<p>En las futuras pistas se podr\u00e1 realizar entrenamientos personales con Abel, se impartir\u00e1n cursos y se podr\u00e1n igualmente disputar torneos con la intenci\u00f3n de promover de nuevo esta disciplina entre sus aficionados.<\/p>\n\n\n\n<div class=\"wp-block-image\"><figure class=\"aligncenter size-full\"><a href=\"https:\/\/felixrubio.es\/\" target=\"_blank\" rel=\"noopener\"><img decoding=\"async\" src=\"https:\/\/www.burgosdeporte.com\/wp-content\/uploads\/2020\/01\/FelixRubio-scaled.gif\" alt=\"\" class=\"wp-image-33326\"\/><\/a><\/figure><\/div>\n","protected":false},"excerpt":{"rendered":"<p>La Escuela de P\u00e1del de Prado Sport ha sido reconocida por su labor en la pasada gala PADELCYL. Concretamente recibi\u00f3 la Menci\u00f3n Especial por su excelente trabajo con la escuela de menores, junto con Padel Fit. El galard\u00f3n fue recogido por Jos\u00e9 Huedo, Coordinador del \u00c1rea de P\u00e1del de Prado Sport y director de la [&hellip;]<\/p>\n","protected":false},"author":10,"featured_media":74746,"comment_status":"closed","ping_status":"closed","sticky":false,"template":"","format":"standard","meta":{"_monsterinsights_skip_tracking":false,"_monsterinsights_sitenote_active":false,"_monsterinsights_sitenote_note":"","_monsterinsights_sitenote_category":0,"footnotes":""},"categories":[15,421,8],"tags":[1147,1148,422],"class_list":{"0":"post-74745","1":"post","2":"type-post","3":"status-publish","4":"format-standard","5":"has-post-thumbnail","7":"category-otros","8":"category-padel","9":"category-tipo-noticia","10":"tag-escuelapradosport","11":"tag-federacionpadelcyl","12":"tag-padel"},"views":52,"_links":{"self":[{"href":"https:\/\/www.burgosdeporte.com\/index.php?rest_route=\/wp\/v2\/posts\/74745","targetHints":{"allow":["GET"]}}],"collection":[{"href":"https:\/\/www.burgosdeporte.com\/index.php?rest_route=\/wp\/v2\/posts"}],"about":[{"href":"https:\/\/www.burgosdeporte.com\/index.php?rest_route=\/wp\/v2\/types\/post"}],"author":[{"embeddable":true,"href":"https:\/\/www.burgosdeporte.com\/index.php?rest_route=\/wp\/v2\/users\/10"}],"replies":[{"embeddable":true,"href":"https:\/\/www.burgosdeporte.com\/index.php?rest_route=%2Fwp%2Fv2%2Fcomments&post=74745"}],"version-history":[{"count":0,"href":"https:\/\/www.burgosdeporte.com\/index.php?rest_route=\/wp\/v2\/posts\/74745\/revisions"}],"wp:featuredmedia":[{"embeddable":true,"href":"https:\/\/www.burgosdeporte.com\/index.php?rest_route=\/"}],"wp:attachment":[{"href":"https:\/\/www.burgosdeporte.com\/index.php?rest_route=%2Fwp%2Fv2%2Fmedia&parent=74745"}],"wp:term":[{"taxonomy":"category","embeddable":true,"href":"https:\/\/www.burgosdeporte.com\/index.php?rest_route=%2Fwp%2Fv2%2Fcategories&post=74745"},{"taxonomy":"post_tag","embeddable":true,"href":"https:\/\/www.burgosdeporte.com\/index.php?rest_route=%2Fwp%2Fv2%2Ftags&post=74745"}],"curies":[{"name":"wp","href":"https:\/\/api.w.org\/{rel}","templated":true}]}}