{"id":68182,"date":"2022-01-25T13:49:40","date_gmt":"2022-01-25T11:49:40","guid":{"rendered":"https:\/\/www.burgosdeporte.com\/?p=68182"},"modified":"2022-01-25T13:49:40","modified_gmt":"2022-01-25T11:49:40","slug":"la-montana-rusa-del-hereda-san-pablo","status":"publish","type":"post","link":"https:\/\/www.burgosdeporte.com\/?p=68182","title":{"rendered":"La monta\u00f1a rusa del Hereda San Pablo"},"content":{"rendered":"\n<h2 class=\"wp-block-heading\">An\u00e1lisis y opini\u00f3n sobre la crisis que vive actualmente el primer equipo de baloncesto de Burgos, el Hereda San Pablo, que tras caer eliminado en la Baskeball Champions League busca ahora su permanencia en la ACB.<\/h2>\n\n\n\n<p class=\"has-text-align-right\"><em>FOTO: JARCHA\/BURGOSDEPORTE<\/em><\/p>\n\n\n\n<div class=\"wp-block-image\"><figure class=\"aligncenter size-full\"><a href=\"https:\/\/castillafloristeria.com\/\" target=\"_blank\" rel=\"noopener\"><img decoding=\"async\" src=\"https:\/\/www.burgosdeporte.com\/wp-content\/uploads\/2019\/11\/FCastilla_2019.gif\" alt=\"\" class=\"wp-image-32587\"\/><\/a><\/figure><\/div>\n\n\n\n<p>Si el aficionado burgal\u00e9s al baloncesto ven\u00eda viviendo un sinf\u00edn de vaivenes esta temporada, el fichaje de Paco Olmos como encargado de dirigir la nave azulona ha terminado por convertir el periplo del cuadro burgal\u00e9s esta temporada en una aut\u00e9ntica monta\u00f1a rusa. Fichaje que, por cierto, ha movido los cimientos del baloncesto espa\u00f1ol por las caracter\u00edsticas del mismo, pues no es habitual fichar un entrenador de otro equipo de tu misma categor\u00eda con contrato en vigor. Opiniones diversas y m\u00e1s de una enemistad se han sumado estos d\u00edas al carro del equipo de la ribera del Arlanz\u00f3n.<\/p>\n\n\n\n<p>El equipo sigue instalado en zona de descenso y eso obliga m\u00e1s si cabe a realizar cambios en el equipo. Pero si bien pens\u00e1bamos que estos se dar\u00edan en la plantilla, pocos aventuraban un cambio tan radical como el producido. La salida de Salva Maldonado por la puerta de atr\u00e1s demostr\u00f3 que la confianza depositada en el mismo era \u00ednfima, pues dio la sensaci\u00f3n de que la directiva no cre\u00eda en \u00e9l pr\u00e1cticamente desde el momento en que estamp\u00f3 su firma. Eso, y que la opci\u00f3n de Olmos ven\u00eda gest\u00e1ndose tiempo atr\u00e1s, incluso antes de la llegada del t\u00e9cnico catal\u00e1n. Pero una vez decidido el cambio, la directiva decidi\u00f3 lanzar el \u00f3rdago.<\/p>\n\n\n\n<p>La opci\u00f3n elegida es terriblemente arriesgada. No solo por el coste de la operaci\u00f3n sino porque parece ser un todo o nada de aqu\u00ed a final de temporada. Dijo F\u00e9lix Sancho que iba a gastar lo que fuera necesario para continuar en ACB y parece que con creces va a cumplir sus palabras en cuanto a refuerzos se refiere. Otra cosa es coste futuro de las mismas, y eso solamente el tiempo resolver\u00e1 el enigma, pero la balanza ingresos versus gastos puede quedar muy descompensada al finalizar la campa\u00f1a.<\/p>\n\n\n\n<p>La llegada del t\u00e9cnico ha venido acompa\u00f1ada de refuerzos como Jarrell Eddie o LandryNnoko. Pero no ser\u00e1n los \u00faltimos, pues McGee y Nikolic parecen cada vez m\u00e1s cerca de la rampa de salida, y est\u00e1s vendr\u00e1n acompa\u00f1adas de sus respectivos recambios, de los cuales se espera den el empuj\u00f3n definitivo al equipo para empezar a remontar en la clasificaci\u00f3n. Pero no solo de refuerzos debe sustentarse el club, pues tambi\u00e9n necesita la mejor versi\u00f3n de los que ahora est\u00e1n, pues no nos enga\u00f1emos, la versi\u00f3n actual de los Renfroe, Kravic y, sobre todo, Benite, dista mucho de su mejor nivel, sobre todo la del capital, al que se le ve tocado an\u00edmicamente. Es por ello que ahora m\u00e1s que nunca el aficionado local debe ir de la mano de los estos, pues como bien dec\u00edan esta semana acerca del capit\u00e1n, si todos remamos en la misma direcci\u00f3n al final la pelota terminar\u00e1 entrando dentro del aro.<\/p>\n\n\n\n<p>La pasada semana supuso la despedida de la competici\u00f3n continental tras la derrota ante el Dar\u00fcssafaka. No les voy a negar que al acabar el encuentro tuve cierta sensaci\u00f3n de alivio. Si bien nunca me gusta que mi equipo pierda, creo que en la situaci\u00f3n actual la eliminaci\u00f3n es un mal menor para el conjunto burgal\u00e9s. Dada la posici\u00f3n en liga, con las bajas que ha tenido el equipo en estas fechas, y con los partidos aplazados, sumar otros seis partidos de competici\u00f3n en dos meses podr\u00eda suponer un obst\u00e1culo m\u00e1s que un premio. Y creo que bastante premio tenemos ya con la disputa de la Intercontinental, que debe ser el \u00fanico par\u00e9ntesis de aqu\u00ed a final de temporada.<\/p>\n\n\n\n<p>Los inicios de Paco Olmos no han sido como nos hubiera gustado, pues ha sumado tres derrotas en su inicio, si bien ya ha dejado alguna sensaci\u00f3n positiva en el juego de los suyos. Pero recordemos que de sensaciones no se vive, y que el equipo debe sumar victorias que le acerque en la clasificaci\u00f3n a los Fuenlabrada, Andorra, Obradoiro o Zaragoza. Ahora tendr\u00e1 dos compromisos frente a los conjuntos insulares antes del par\u00e9ntesis de la Intercontinental. Deber\u00e1n aprovechar tambi\u00e9n el par\u00f3n posterior para tratar de recargar las pilas para afrontar a partir de marzo el tramo decisivo&nbsp; de la competici\u00f3n, donde esperamos, consigan acabar la temporada obteniendo el billete para disputar la pr\u00f3xima.<\/p>\n\n\n\n<div class=\"wp-block-image\"><figure class=\"aligncenter size-full\"><a href=\"https:\/\/castillafloristeria.com\/\" target=\"_blank\" rel=\"noopener\"><img decoding=\"async\" src=\"https:\/\/www.burgosdeporte.com\/wp-content\/uploads\/2019\/11\/FCastilla_2019.gif\" alt=\"\" class=\"wp-image-32587\"\/><\/a><\/figure><\/div>\n","protected":false},"excerpt":{"rendered":"<p>An\u00e1lisis y opini\u00f3n sobre la crisis que vive actualmente el primer equipo de baloncesto de Burgos, el Hereda San Pablo, que tras caer eliminado en la Baskeball Champions League busca ahora su permanencia en la ACB. FOTO: JARCHA\/BURGOSDEPORTE Si el aficionado burgal\u00e9s al baloncesto ven\u00eda viviendo un sinf\u00edn de vaivenes esta temporada, el fichaje de [&hellip;]<\/p>\n","protected":false},"author":8,"featured_media":68183,"comment_status":"closed","ping_status":"closed","sticky":false,"template":"","format":"standard","meta":{"_monsterinsights_skip_tracking":false,"_monsterinsights_sitenote_active":false,"_monsterinsights_sitenote_note":"","_monsterinsights_sitenote_category":0,"footnotes":""},"categories":[5,14,8],"tags":[9],"class_list":{"0":"post-68182","1":"post","2":"type-post","3":"status-publish","4":"format-standard","5":"has-post-thumbnail","7":"category-baloncesto","8":"category-opinion","9":"category-tipo-noticia","10":"tag-sanpabloburgos"},"views":70,"_links":{"self":[{"href":"https:\/\/www.burgosdeporte.com\/index.php?rest_route=\/wp\/v2\/posts\/68182","targetHints":{"allow":["GET"]}}],"collection":[{"href":"https:\/\/www.burgosdeporte.com\/index.php?rest_route=\/wp\/v2\/posts"}],"about":[{"href":"https:\/\/www.burgosdeporte.com\/index.php?rest_route=\/wp\/v2\/types\/post"}],"author":[{"embeddable":true,"href":"https:\/\/www.burgosdeporte.com\/index.php?rest_route=\/wp\/v2\/users\/8"}],"replies":[{"embeddable":true,"href":"https:\/\/www.burgosdeporte.com\/index.php?rest_route=%2Fwp%2Fv2%2Fcomments&post=68182"}],"version-history":[{"count":0,"href":"https:\/\/www.burgosdeporte.com\/index.php?rest_route=\/wp\/v2\/posts\/68182\/revisions"}],"wp:featuredmedia":[{"embeddable":true,"href":"https:\/\/www.burgosdeporte.com\/index.php?rest_route=\/"}],"wp:attachment":[{"href":"https:\/\/www.burgosdeporte.com\/index.php?rest_route=%2Fwp%2Fv2%2Fmedia&parent=68182"}],"wp:term":[{"taxonomy":"category","embeddable":true,"href":"https:\/\/www.burgosdeporte.com\/index.php?rest_route=%2Fwp%2Fv2%2Fcategories&post=68182"},{"taxonomy":"post_tag","embeddable":true,"href":"https:\/\/www.burgosdeporte.com\/index.php?rest_route=%2Fwp%2Fv2%2Ftags&post=68182"}],"curies":[{"name":"wp","href":"https:\/\/api.w.org\/{rel}","templated":true}]}}