{"id":67692,"date":"2022-01-14T18:02:16","date_gmt":"2022-01-14T16:02:16","guid":{"rendered":"https:\/\/www.burgosdeporte.com\/?p=67692"},"modified":"2022-01-14T18:02:16","modified_gmt":"2022-01-14T16:02:16","slug":"el-blanquinegro-raul-navarro-operado-de-una-lesion-en-el-menisco","status":"publish","type":"post","link":"https:\/\/www.burgosdeporte.com\/?p=67692","title":{"rendered":"El blanquinegro Ra\u00fal Navarro, operado de una lesi\u00f3n en el menisco"},"content":{"rendered":"\n<div class=\"wp-block-image\"><figure class=\"aligncenter size-full\"><a href=\"https:\/\/felixrubio.es\/\" target=\"_blank\" rel=\"noopener\"><img decoding=\"async\" src=\"https:\/\/www.burgosdeporte.com\/wp-content\/uploads\/2020\/01\/FelixRubio-scaled.gif\" alt=\"\" class=\"wp-image-33326\"\/><\/a><\/figure><\/div>\n\n\n\n<p class=\"has-text-align-right\">(<em>Fotograf\u00eda: BURGOS CF<\/em>)<\/p>\n\n\n\n<p>El jugador del Burgos CF, Ra\u00fal Navarro, ha sido operado satisfactoriamente de una lesi\u00f3n en el menisco de su rodilla derecha. El futbolista blanquinegro ha sido intervenido en la tarde de este viernes en Barcelona y estar\u00e1 ausente entre cuatro y seis semanas.<\/p>\n\n\n\n<p>La cirug\u00eda ha sido realizada con \u00e9xito en Barcelona por el Dr. Ram\u00f3n Cugat bajo la supervisi\u00f3n del jefe de los Servicios M\u00e9dicos del club burgalesista, el Dr. Antonio Rodr\u00edguez.<\/p>\n\n\n\n<p>El jugador se encuentra bien, ser\u00e1 dado de alta ma\u00f1ana y viajar\u00e1 a Burgos para comenzar el proceso de recuperaci\u00f3n que le tendr\u00e1 apartado de los terrenos de juego durante un periodo aproximado de entre cuatro y seis semanas.<\/p>\n\n\n\n<figure class=\"wp-block-embed aligncenter is-type-rich is-provider-twitter wp-block-embed-twitter\"><div class=\"wp-block-embed__wrapper\">\n<blockquote class=\"twitter-tweet\" data-width=\"550\" data-dnt=\"true\"><p lang=\"qme\" dir=\"ltr\">???????????????? <a href=\"https:\/\/t.co\/wBNe5BTc4X\">pic.twitter.com\/wBNe5BTc4X<\/a><\/p>&mdash; Ra\u00fal Navarro del R\u00edo (@Raulnavarro10) <a href=\"https:\/\/twitter.com\/Raulnavarro10\/status\/1482041090010140676?ref_src=twsrc%5Etfw\" target=\"_blank\" rel=\"noopener\">January 14, 2022<\/a><\/blockquote><script async src=\"https:\/\/platform.twitter.com\/widgets.js\" charset=\"utf-8\"><\/script>\n<\/div><\/figure>\n\n\n\n<div class=\"wp-block-image\"><figure class=\"aligncenter size-full\"><a href=\"https:\/\/felixrubio.es\/\" target=\"_blank\" rel=\"noopener\"><img decoding=\"async\" src=\"https:\/\/www.burgosdeporte.com\/wp-content\/uploads\/2020\/01\/FelixRubio-scaled.gif\" alt=\"\" class=\"wp-image-33326\"\/><\/a><\/figure><\/div>\n","protected":false},"excerpt":{"rendered":"<p>(Fotograf\u00eda: BURGOS CF) El jugador del Burgos CF, Ra\u00fal Navarro, ha sido operado satisfactoriamente de una lesi\u00f3n en el menisco de su rodilla derecha. El futbolista blanquinegro ha sido intervenido en la tarde de este viernes en Barcelona y estar\u00e1 ausente entre cuatro y seis semanas. La cirug\u00eda ha sido realizada con \u00e9xito en Barcelona [&hellip;]<\/p>\n","protected":false},"author":10,"featured_media":67693,"comment_status":"closed","ping_status":"closed","sticky":false,"template":"","format":"standard","meta":{"_monsterinsights_skip_tracking":false,"_monsterinsights_sitenote_active":false,"_monsterinsights_sitenote_note":"","_monsterinsights_sitenote_category":0,"footnotes":""},"categories":[4,8],"tags":[29,32],"class_list":{"0":"post-67692","1":"post","2":"type-post","3":"status-publish","4":"format-standard","5":"has-post-thumbnail","7":"category-futbol","8":"category-tipo-noticia","9":"tag-burgoscf","10":"tag-futbol"},"views":56,"_links":{"self":[{"href":"https:\/\/www.burgosdeporte.com\/index.php?rest_route=\/wp\/v2\/posts\/67692","targetHints":{"allow":["GET"]}}],"collection":[{"href":"https:\/\/www.burgosdeporte.com\/index.php?rest_route=\/wp\/v2\/posts"}],"about":[{"href":"https:\/\/www.burgosdeporte.com\/index.php?rest_route=\/wp\/v2\/types\/post"}],"author":[{"embeddable":true,"href":"https:\/\/www.burgosdeporte.com\/index.php?rest_route=\/wp\/v2\/users\/10"}],"replies":[{"embeddable":true,"href":"https:\/\/www.burgosdeporte.com\/index.php?rest_route=%2Fwp%2Fv2%2Fcomments&post=67692"}],"version-history":[{"count":0,"href":"https:\/\/www.burgosdeporte.com\/index.php?rest_route=\/wp\/v2\/posts\/67692\/revisions"}],"wp:featuredmedia":[{"embeddable":true,"href":"https:\/\/www.burgosdeporte.com\/index.php?rest_route=\/"}],"wp:attachment":[{"href":"https:\/\/www.burgosdeporte.com\/index.php?rest_route=%2Fwp%2Fv2%2Fmedia&parent=67692"}],"wp:term":[{"taxonomy":"category","embeddable":true,"href":"https:\/\/www.burgosdeporte.com\/index.php?rest_route=%2Fwp%2Fv2%2Fcategories&post=67692"},{"taxonomy":"post_tag","embeddable":true,"href":"https:\/\/www.burgosdeporte.com\/index.php?rest_route=%2Fwp%2Fv2%2Ftags&post=67692"}],"curies":[{"name":"wp","href":"https:\/\/api.w.org\/{rel}","templated":true}]}}