{"id":154166,"date":"2026-04-30T17:24:51","date_gmt":"2026-04-30T15:24:51","guid":{"rendered":"https:\/\/www.burgosdeporte.com\/?p=154166"},"modified":"2026-05-01T16:54:38","modified_gmt":"2026-05-01T14:54:38","slug":"burgos-acogera-la-final-a-6-de-la-liga-u","status":"publish","type":"post","link":"https:\/\/www.burgosdeporte.com\/?p=154166","title":{"rendered":"Burgos acoger\u00e1 la Final a 6 de la Liga U"},"content":{"rendered":"\n<p><strong><em>Entre el 15 y el 17 de mayo, el Polideportivo El Plant\u00edo ser\u00e1 el escenario para el evento de final de temporada que coronar\u00e1 al campe\u00f3n liguero, en el que competir\u00e1 el Burgos Grupo de Santiago<\/em><\/strong><\/p>\n\n\n\n<p class=\"has-text-align-right\">(<em>Fotograf\u00eda: SPB\/Cintia Cort\u00e9s<\/em>)<\/p>\n\n\n<div class=\"wp-block-image\">\n<figure class=\"aligncenter size-full\"><a href=\"https:\/\/www.grupodesantiago.es\/promocion\/renew-days?utm_source=burgosdeporte&amp;utm_medium=banner&amp;utm_campaign=renewdays_burgosdeporte_abril26\" target=\"_blank\" rel=\" noreferrer noopener\"><img loading=\"lazy\" decoding=\"async\" width=\"300\" height=\"250\" src=\"https:\/\/www.burgosdeporte.com\/wp-content\/uploads\/2026\/04\/300x250_RenewDays_Abril2026.gif\" alt=\"\" class=\"wp-image-153147\"\/><\/a><\/figure>\n<\/div>\n\n\n<p>El primer campe\u00f3n de la historia de la Liga U se coronar\u00e1 en el Polideportivo El Plant\u00edo. Burgos ha sido elegida como sede de la Final a 6 de la competici\u00f3n sub22 de formaci\u00f3n, organizada de forma conjunta por la acb y la FEB, con el apoyo del CSD y el Ministerio de Educaci\u00f3n, Formaci\u00f3n Profesional y Deportes. Con la colaboraci\u00f3n del Ayuntamiento de Burgos, la ciudad reunir\u00e1 durante tres d\u00edas al mejor talento de formaci\u00f3n del baloncesto espa\u00f1ol en el pabell\u00f3n burgal\u00e9s.<\/p>\n\n\n\n<p>Desde el viernes 15 al domingo 17 de mayo, los seis mejores equipos de la liga buscar\u00e1n el t\u00edtulo de campeones de la Liga U. Entre ellos, estar\u00e1 presente el anfitri\u00f3n Burgos Grupo de Santiago, adem\u00e1s de los clasificados Real Madrid, Bar\u00e7a Atl\u00e8tic y Casademont Zaragoza, que esperan a los dos ganadores del play-in del 9 y 10 de mayo: Fundaci\u00f3n CB Canarias (5\u00ba del Grupo A) \u2013 B\u00e0squet Girona (2\u00ba del Grupo B) y Valencia Basket (1\u00ba del Grupo B) \u2013 Gran Canaria (6\u00ba del Grupo A).<\/p>\n\n\n\n<p><strong>El desarrollo de la Final a 6 de la Liga U<\/strong><\/p>\n\n\n\n<p>La acci\u00f3n en la pista del Polideportivo El Plant\u00edo arrancar\u00e1 el viernes 15 de mayo con los dos cuartos de final. Casademont Zaragoza se medir\u00e1 al vencedor del cruce entre Valencia Basket y Gran Canaria, mientras que el Burgos Grupo de Santiago se ver\u00e1 las caras con quien supere la eliminatoria entre el Fundaci\u00f3n CB Canarias y B\u00e0squet Girona.<\/p>\n\n\n\n<p>El s\u00e1bado 16 de mayo ser\u00e1 el turno de las semifinales, con la entrada en escena del Real Madrid y del Bar\u00e7a Atl\u00e8tic, los dos primeros clasificados del Grupo A, que accedieron directamente a esta ronda. El Real Madrid se enfrentar\u00e1 al ganador del cuarto de final que juegue el Burgos Grupo de Santiago, y el Bar\u00e7a Atl\u00e8tic, al vencedor del cuarto que dispute Casademont Zaragoza.<\/p>\n\n\n\n<p>El primer t\u00edtulo de la Liga U se decidir\u00e1 en la final del domingo 17 de mayo. Antes del compromiso que definir\u00e1 al campe\u00f3n, se celebrar\u00e1 el encuentro por el tercer y cuarto puesto, que completar\u00e1 el primer podio de la competici\u00f3n. Los horarios de los partidos se dar\u00e1n a conocer en los pr\u00f3ximos d\u00edas.<\/p>\n","protected":false},"excerpt":{"rendered":"<p>Entre el 15 y el 17 de mayo, el Polideportivo El Plant\u00edo ser\u00e1 el escenario para el evento de final de temporada que coronar\u00e1 al campe\u00f3n liguero, en el que competir\u00e1 el Burgos Grupo de Santiago (Fotograf\u00eda: SPB\/Cintia Cort\u00e9s) El primer campe\u00f3n de la historia de la Liga U se coronar\u00e1 en el Polideportivo El [&hellip;]<\/p>\n","protected":false},"author":10,"featured_media":154167,"comment_status":"closed","ping_status":"closed","sticky":false,"template":"","format":"standard","meta":{"_monsterinsights_skip_tracking":false,"_monsterinsights_sitenote_active":false,"_monsterinsights_sitenote_note":"","_monsterinsights_sitenote_category":0,"footnotes":""},"categories":[5],"tags":[6,2565,1552,2514,2770,9],"class_list":{"0":"post-154166","1":"post","2":"type-post","3":"status-publish","4":"format-standard","5":"has-post-thumbnail","7":"category-baloncesto","8":"tag-baloncesto","9":"tag-burgosgrupodesantiago","10":"tag-destacadas","11":"tag-ligau","12":"tag-polideportivoelplantio","13":"tag-sanpabloburgos"},"views":63,"_links":{"self":[{"href":"https:\/\/www.burgosdeporte.com\/index.php?rest_route=\/wp\/v2\/posts\/154166","targetHints":{"allow":["GET"]}}],"collection":[{"href":"https:\/\/www.burgosdeporte.com\/index.php?rest_route=\/wp\/v2\/posts"}],"about":[{"href":"https:\/\/www.burgosdeporte.com\/index.php?rest_route=\/wp\/v2\/types\/post"}],"author":[{"embeddable":true,"href":"https:\/\/www.burgosdeporte.com\/index.php?rest_route=\/wp\/v2\/users\/10"}],"replies":[{"embeddable":true,"href":"https:\/\/www.burgosdeporte.com\/index.php?rest_route=%2Fwp%2Fv2%2Fcomments&post=154166"}],"version-history":[{"count":1,"href":"https:\/\/www.burgosdeporte.com\/index.php?rest_route=\/wp\/v2\/posts\/154166\/revisions"}],"predecessor-version":[{"id":154168,"href":"https:\/\/www.burgosdeporte.com\/index.php?rest_route=\/wp\/v2\/posts\/154166\/revisions\/154168"}],"wp:featuredmedia":[{"embeddable":true,"href":"https:\/\/www.burgosdeporte.com\/index.php?rest_route=\/wp\/v2\/media\/154167"}],"wp:attachment":[{"href":"https:\/\/www.burgosdeporte.com\/index.php?rest_route=%2Fwp%2Fv2%2Fmedia&parent=154166"}],"wp:term":[{"taxonomy":"category","embeddable":true,"href":"https:\/\/www.burgosdeporte.com\/index.php?rest_route=%2Fwp%2Fv2%2Fcategories&post=154166"},{"taxonomy":"post_tag","embeddable":true,"href":"https:\/\/www.burgosdeporte.com\/index.php?rest_route=%2Fwp%2Fv2%2Ftags&post=154166"}],"curies":[{"name":"wp","href":"https:\/\/api.w.org\/{rel}","templated":true}]}}