{"id":154153,"date":"2026-04-30T16:29:23","date_gmt":"2026-04-30T14:29:23","guid":{"rendered":"https:\/\/www.burgosdeporte.com\/?p=154153"},"modified":"2026-05-02T00:34:44","modified_gmt":"2026-05-01T22:34:44","slug":"proyecto-hombre-burgos-celebrara-la-xxiv-edicion-del-dia-de-la-bici-el-17-de-mayo","status":"publish","type":"post","link":"https:\/\/www.burgosdeporte.com\/?p=154153","title":{"rendered":"Proyecto Hombre Burgos celebrar\u00e1 la XXIV edici\u00f3n del D\u00eda de la Bici el 17 de mayo"},"content":{"rendered":"\n<p><strong><em>La jornada se realizar\u00e1 en apoyo a la prevenci\u00f3n de adicciones<\/em><\/strong><\/p>\n\n\n<div class=\"wp-block-image\">\n<figure class=\"aligncenter size-full is-resized\"><a href=\"https:\/\/www.hotelciudaddeburgos.com\/\" target=\"_blank\" rel=\" noreferrer noopener\"><img loading=\"lazy\" decoding=\"async\" width=\"989\" height=\"431\" src=\"https:\/\/www.burgosdeporte.com\/wp-content\/uploads\/2025\/05\/LOGO-SPIRIT-HCB-NEGRO.png\" alt=\"\" class=\"wp-image-140419\" style=\"aspect-ratio:2.2946285279482748;width:324px;height:auto\" srcset=\"https:\/\/www.burgosdeporte.com\/wp-content\/uploads\/2025\/05\/LOGO-SPIRIT-HCB-NEGRO.png 989w, https:\/\/www.burgosdeporte.com\/wp-content\/uploads\/2025\/05\/LOGO-SPIRIT-HCB-NEGRO-300x131.png 300w, https:\/\/www.burgosdeporte.com\/wp-content\/uploads\/2025\/05\/LOGO-SPIRIT-HCB-NEGRO-768x335.png 768w, https:\/\/www.burgosdeporte.com\/wp-content\/uploads\/2025\/05\/LOGO-SPIRIT-HCB-NEGRO-150x65.png 150w, https:\/\/www.burgosdeporte.com\/wp-content\/uploads\/2025\/05\/LOGO-SPIRIT-HCB-NEGRO-696x303.png 696w\" sizes=\"auto, (max-width: 989px) 100vw, 989px\" \/><\/a><\/figure>\n<\/div>\n\n\n<p>La Fundaci\u00f3n Candeal Proyecto Hombre Burgos celebrar\u00e1 el pr\u00f3ximo domingo 17 de mayo, a partir de las 11:30 horas, la XXIV edici\u00f3n del D\u00eda de la Bici, una cita ya consolidada en la ciudad que combina deporte, convivencia y solidaridad con el objetivo de promover h\u00e1bitos de vida saludables y prevenir las adicciones.<\/p>\n\n\n\n<p>La presentaci\u00f3n oficial del evento tuvo lugar este jueves en rueda de prensa, con la participaci\u00f3n de Carlos Ni\u00f1o, Pilar Domingo y Marta Gonz\u00e1lez, quienes destacaron la importancia de esta iniciativa tanto en el \u00e1mbito social como en el sanitario.<\/p>\n\n\n\n<p>Esta edici\u00f3n adquiere un significado especial al coincidir con el 35 aniversario de Proyecto Hombre Burgos, una entidad que, durante m\u00e1s de tres d\u00e9cadas, ha acompa\u00f1ado a miles de personas y familias en procesos de prevenci\u00f3n, tratamiento y reinserci\u00f3n, consolid\u00e1ndose como un referente en la intervenci\u00f3n social en la provincia.<\/p>\n\n\n\n<p>Como parte de esta conmemoraci\u00f3n, la organizaci\u00f3n ha lanzado el v\u00eddeo \u201c35 razones para sumarse al D\u00eda de la Bici\u201d, en el que participan 35 personas representativas de la ciudad compartiendo sus motivos para formar parte de esta jornada solidaria.<\/p>\n\n\n\n<p>La marcha, de car\u00e1cter familiar, l\u00fadico y no competitivo, tiene como objetivos recaudar fondos para los programas de la fundaci\u00f3n, fomentar el deporte y la movilidad sostenible, sensibilizar sobre la prevenci\u00f3n de adicciones y ofrecer un espacio de convivencia para todas las edades.<\/p>\n\n\n\n<p>El recorrido comenzar\u00e1 en la Plaza de la Real y Antigua de Gamonal y finalizar\u00e1 en el Paseo de la Quinta, donde los participantes podr\u00e1n disfrutar de actividades complementarias, animaci\u00f3n musical a cargo de dulzaineros, avituallamiento y un sorteo de bicicletas y otros premios.<\/p>\n\n\n\n<p>Los dorsales, con un coste simb\u00f3lico de cinco euros, pueden adquirirse en distintos establecimientos colaboradores de la ciudad, as\u00ed como en las sedes de Proyecto Hombre Burgos.<\/p>\n\n\n\n<p>La entrega de premios se realizar\u00e1 posteriormente en la sede de la organizaci\u00f3n, siendo imprescindible presentar el dorsal premiado. Adem\u00e1s, se reconocer\u00e1 a los tres centros educativos con mayor participaci\u00f3n proporcional.<\/p>\n\n\n\n<p>Desde la fundaci\u00f3n tambi\u00e9n se hace un llamamiento a la colaboraci\u00f3n empresarial, ya sea mediante aportaciones econ\u00f3micas, donaci\u00f3n de productos o la implicaci\u00f3n de sus trabajadores en la actividad. Asimismo, recuerdan que las contribuciones cuentan con beneficios fiscales seg\u00fan la legislaci\u00f3n vigente.<\/p>\n\n\n\n<p>Para quienes no puedan asistir, la iniciativa \u201cPedalea 0\u201d permite colaborar mediante donaciones econ\u00f3micas a trav\u00e9s de transferencia bancaria o Bizum.<\/p>\n\n\n\n<p>La Fundaci\u00f3n Candeal Proyecto Hombre Burgos invita a toda la ciudadan\u00eda a sumarse a esta jornada que convertir\u00e1 la bicicleta \u2014junto a patines y patinetes\u2014 en s\u00edmbolo de compromiso social, salud y apoyo comunitario frente a las adicciones.<\/p>\n","protected":false},"excerpt":{"rendered":"<p>La jornada se realizar\u00e1 en apoyo a la prevenci\u00f3n de adicciones La Fundaci\u00f3n Candeal Proyecto Hombre Burgos celebrar\u00e1 el pr\u00f3ximo domingo 17 de mayo, a partir de las 11:30 horas, la XXIV edici\u00f3n del D\u00eda de la Bici, una cita ya consolidada en la ciudad que combina deporte, convivencia y solidaridad con el objetivo de [&hellip;]<\/p>\n","protected":false},"author":10,"featured_media":154154,"comment_status":"closed","ping_status":"closed","sticky":false,"template":"","format":"standard","meta":{"_monsterinsights_skip_tracking":false,"_monsterinsights_sitenote_active":false,"_monsterinsights_sitenote_note":"","_monsterinsights_sitenote_category":0,"footnotes":""},"categories":[63],"tags":[1553,1959,2768],"class_list":{"0":"post-154153","1":"post","2":"type-post","3":"status-publish","4":"format-standard","5":"has-post-thumbnail","7":"category-ciclismo","8":"tag-actualidad-2","9":"tag-diadelabici","10":"tag-proyectohombreburgos"},"views":28,"_links":{"self":[{"href":"https:\/\/www.burgosdeporte.com\/index.php?rest_route=\/wp\/v2\/posts\/154153","targetHints":{"allow":["GET"]}}],"collection":[{"href":"https:\/\/www.burgosdeporte.com\/index.php?rest_route=\/wp\/v2\/posts"}],"about":[{"href":"https:\/\/www.burgosdeporte.com\/index.php?rest_route=\/wp\/v2\/types\/post"}],"author":[{"embeddable":true,"href":"https:\/\/www.burgosdeporte.com\/index.php?rest_route=\/wp\/v2\/users\/10"}],"replies":[{"embeddable":true,"href":"https:\/\/www.burgosdeporte.com\/index.php?rest_route=%2Fwp%2Fv2%2Fcomments&post=154153"}],"version-history":[{"count":2,"href":"https:\/\/www.burgosdeporte.com\/index.php?rest_route=\/wp\/v2\/posts\/154153\/revisions"}],"predecessor-version":[{"id":154156,"href":"https:\/\/www.burgosdeporte.com\/index.php?rest_route=\/wp\/v2\/posts\/154153\/revisions\/154156"}],"wp:featuredmedia":[{"embeddable":true,"href":"https:\/\/www.burgosdeporte.com\/index.php?rest_route=\/wp\/v2\/media\/154154"}],"wp:attachment":[{"href":"https:\/\/www.burgosdeporte.com\/index.php?rest_route=%2Fwp%2Fv2%2Fmedia&parent=154153"}],"wp:term":[{"taxonomy":"category","embeddable":true,"href":"https:\/\/www.burgosdeporte.com\/index.php?rest_route=%2Fwp%2Fv2%2Fcategories&post=154153"},{"taxonomy":"post_tag","embeddable":true,"href":"https:\/\/www.burgosdeporte.com\/index.php?rest_route=%2Fwp%2Fv2%2Ftags&post=154153"}],"curies":[{"name":"wp","href":"https:\/\/api.w.org\/{rel}","templated":true}]}}