{"id":154149,"date":"2026-04-30T16:22:43","date_gmt":"2026-04-30T14:22:43","guid":{"rendered":"https:\/\/www.burgosdeporte.com\/?p=154149"},"modified":"2026-04-30T17:26:04","modified_gmt":"2026-04-30T15:26:04","slug":"las-gimnastas-paola-sadornil-y-lucia-benito-logran-plaza-para-el-nacional","status":"publish","type":"post","link":"https:\/\/www.burgosdeporte.com\/?p=154149","title":{"rendered":"Las gimnastas Paola Sadornil y Luc\u00eda Benito logran plaza para el nacional"},"content":{"rendered":"\n<p><strong><em>Las deportistas del Club Gimnasia Burgos se clasifican para el Campeonato de Espa\u00f1a de Gimnasia R\u00edtmica<\/em><\/strong><\/p>\n\n\n<div class=\"wp-block-image\">\n<figure class=\"aligncenter size-full\"><a href=\"https:\/\/castillafloristeria.com\/\" target=\"_blank\" rel=\" noreferrer noopener\"><img loading=\"lazy\" decoding=\"async\" width=\"300\" height=\"90\" src=\"https:\/\/www.burgosdeporte.com\/wp-content\/uploads\/2023\/10\/floristeria_castilla.fw_.png\" alt=\"\" class=\"wp-image-108421\" srcset=\"https:\/\/www.burgosdeporte.com\/wp-content\/uploads\/2023\/10\/floristeria_castilla.fw_.png 300w, https:\/\/www.burgosdeporte.com\/wp-content\/uploads\/2023\/10\/floristeria_castilla.fw_-150x45.png 150w\" sizes=\"auto, (max-width: 300px) 100vw, 300px\" \/><\/a><\/figure>\n<\/div>\n\n\n<p>Se celebr\u00f3 en Roa de Duero el clasificatorio individual absoluto, una cita clave en el calendario deportivo que reuni\u00f3 a destacadas competidoras en busca de una plaza para el Campeonato de Espa\u00f1a Individual absoluto de Gimnasia R\u00edtmica.<\/p>\n\n\n\n<p>La jornada se desarroll\u00f3 con un alto nivel competitivo, reflejo del esfuerzo y la preparaci\u00f3n de todas las participantes. Entre ellas, las burgalesas del Club Gimnasia Burgos, Paola Sadornil y Luc\u00eda Benito lograron destacar y consiguieron la ansiada clasificaci\u00f3n para el Campeonato de Espa\u00f1a.<\/p>\n\n\n\n<p>Ambas deportistas representar\u00e1n a Burgos en la pr\u00f3xima cita nacional, que tendr\u00e1 lugar en Guadalajara del 13 al 17 de junio, donde se medir\u00e1n con las mejores especialistas del pa\u00eds.<\/p>\n\n\n\n<p>Este logro supone un importante reconocimiento al trabajo y dedicaci\u00f3n de Sadornil y Benito, as\u00ed como al impulso del deporte en la provincia.<\/p>\n\n\n\n<p>El equipo t\u00e9cnico del CGB se ha mostrado muy orgullosos de este logro e ilusionado por preparar esta importante cita y que sus gimnastas rindan un buen nivel.<\/p>\n\n\n\n<p><strong>Tres gimnastas del CGB pasan a la fase final de liga auton\u00f3mica<\/strong><\/p>\n\n\n\n<p>El 12 de abril y el 25 de abril se celebraron las ligas auton\u00f3mica base y absoluto de gimnasia r\u00edtmica a las cuales el Club Gimnasia Burgos asisti\u00f3 con 19 gimnastas.<\/p>\n\n\n\n<p>Un total de tres gimnastas han conseguido el pase a la Fase Final de la Liga Auton\u00f3mica de Gimnasia R\u00edtmica. Noa Reguero y Noa Cuesta en la categor\u00eda Base Cadete con sus ejercicios de pelota y Paola Sadornil en categor\u00eda Senior Absoluto con el ejercicio de aro.<\/p>\n\n\n\n<p>El 12 de abril en Valladolid compitieron en jornada de ma\u00f1ana las gimnastas de senior absoluto Eva Velasco, Irene Mi\u00f1\u00f3n, Jara Molinero, Luc\u00eda Benito y Paola Sadornil. En jornada de tarde las gimnastas de Base repartidas en distintas categor\u00edas.<\/p>\n\n\n\n<p>Gimnastas juveniles: Marina del Rio, Minaya Gonz\u00e1lez, Angela Diez, Adriana de Lorenzo y Alicia Moya con ejercicio de mazas; gimnastas cadetes: Jimena Campo, Noa Cuesta, Noa Reguero, Ines Portoles y Laura G\u00fcemes con ejercicios de pelota; gimnastas infantiles: Leire Villa y Lucia Herrera con sus ejercicios de cinta y por \u00faltimo las gimnastas alevines Salimata Oulele y Mar\u00eda Serban con sus ejercicios de aro.<\/p>\n\n\n\n<p>El 25 de abril en jornada de ma\u00f1ana compitieron en Roa de Duero las gimnastas de absoluto Irene Mi\u00f1\u00f3n con pelota, Lucia Benito con pelota y Paola Sadornil con aro, consiguiendo esta \u00faltima el pase a la final.<\/p>\n\n\n\n<p>El club ha dado la enhorabuena a todas las gimnastas por su trabajo y evoluci\u00f3n y en especial a las tres gimnastas que consiguieron el pase a la Final de la Liga auton\u00f3mica que se celebrar\u00e1 en el mes de junio.<\/p>\n","protected":false},"excerpt":{"rendered":"<p>Las deportistas del Club Gimnasia Burgos se clasifican para el Campeonato de Espa\u00f1a de Gimnasia R\u00edtmica Se celebr\u00f3 en Roa de Duero el clasificatorio individual absoluto, una cita clave en el calendario deportivo que reuni\u00f3 a destacadas competidoras en busca de una plaza para el Campeonato de Espa\u00f1a Individual absoluto de Gimnasia R\u00edtmica. La jornada [&hellip;]<\/p>\n","protected":false},"author":10,"featured_media":154150,"comment_status":"closed","ping_status":"closed","sticky":false,"template":"","format":"standard","meta":{"_monsterinsights_skip_tracking":false,"_monsterinsights_sitenote_active":false,"_monsterinsights_sitenote_note":"","_monsterinsights_sitenote_category":0,"footnotes":""},"categories":[191,15],"tags":[1553,278,192],"class_list":{"0":"post-154149","1":"post","2":"type-post","3":"status-publish","4":"format-standard","5":"has-post-thumbnail","7":"category-gimnasia","8":"category-otros","9":"tag-actualidad-2","10":"tag-clubgimnasiaburgos","11":"tag-gimnasia"},"views":64,"_links":{"self":[{"href":"https:\/\/www.burgosdeporte.com\/index.php?rest_route=\/wp\/v2\/posts\/154149","targetHints":{"allow":["GET"]}}],"collection":[{"href":"https:\/\/www.burgosdeporte.com\/index.php?rest_route=\/wp\/v2\/posts"}],"about":[{"href":"https:\/\/www.burgosdeporte.com\/index.php?rest_route=\/wp\/v2\/types\/post"}],"author":[{"embeddable":true,"href":"https:\/\/www.burgosdeporte.com\/index.php?rest_route=\/wp\/v2\/users\/10"}],"replies":[{"embeddable":true,"href":"https:\/\/www.burgosdeporte.com\/index.php?rest_route=%2Fwp%2Fv2%2Fcomments&post=154149"}],"version-history":[{"count":2,"href":"https:\/\/www.burgosdeporte.com\/index.php?rest_route=\/wp\/v2\/posts\/154149\/revisions"}],"predecessor-version":[{"id":154152,"href":"https:\/\/www.burgosdeporte.com\/index.php?rest_route=\/wp\/v2\/posts\/154149\/revisions\/154152"}],"wp:featuredmedia":[{"embeddable":true,"href":"https:\/\/www.burgosdeporte.com\/index.php?rest_route=\/wp\/v2\/media\/154150"}],"wp:attachment":[{"href":"https:\/\/www.burgosdeporte.com\/index.php?rest_route=%2Fwp%2Fv2%2Fmedia&parent=154149"}],"wp:term":[{"taxonomy":"category","embeddable":true,"href":"https:\/\/www.burgosdeporte.com\/index.php?rest_route=%2Fwp%2Fv2%2Fcategories&post=154149"},{"taxonomy":"post_tag","embeddable":true,"href":"https:\/\/www.burgosdeporte.com\/index.php?rest_route=%2Fwp%2Fv2%2Ftags&post=154149"}],"curies":[{"name":"wp","href":"https:\/\/api.w.org\/{rel}","templated":true}]}}