{"id":154146,"date":"2026-04-30T16:17:21","date_gmt":"2026-04-30T14:17:21","guid":{"rendered":"https:\/\/www.burgosdeporte.com\/?p=154146"},"modified":"2026-04-30T17:25:58","modified_gmt":"2026-04-30T15:25:58","slug":"competicion-positiva-del-club-modelismo-castilla-en-mieres","status":"publish","type":"post","link":"https:\/\/www.burgosdeporte.com\/?p=154146","title":{"rendered":"Competici\u00f3n positiva del Club Modelismo Castilla en Mieres"},"content":{"rendered":"\n<p><strong><em>Los representantes del club burgal\u00e9s participaron en la prueba inaugural del Campeonato Liga Norte 1\/8 TT ECO<\/em><\/strong><\/p>\n\n\n<div class=\"wp-block-image\">\n<figure class=\"aligncenter size-full is-resized\"><a href=\"https:\/\/www.ferroplas.com\/\" target=\"_blank\" rel=\" noreferrer noopener\"><img loading=\"lazy\" decoding=\"async\" width=\"900\" height=\"412\" src=\"https:\/\/www.burgosdeporte.com\/wp-content\/uploads\/2025\/05\/Ferroplas-1.jpg\" alt=\"\" class=\"wp-image-140430\" style=\"aspect-ratio:2.1844224680599615;width:262px;height:auto\" srcset=\"https:\/\/www.burgosdeporte.com\/wp-content\/uploads\/2025\/05\/Ferroplas-1.jpg 900w, https:\/\/www.burgosdeporte.com\/wp-content\/uploads\/2025\/05\/Ferroplas-1-300x137.jpg 300w, https:\/\/www.burgosdeporte.com\/wp-content\/uploads\/2025\/05\/Ferroplas-1-768x352.jpg 768w, https:\/\/www.burgosdeporte.com\/wp-content\/uploads\/2025\/05\/Ferroplas-1-150x69.jpg 150w, https:\/\/www.burgosdeporte.com\/wp-content\/uploads\/2025\/05\/Ferroplas-1-696x319.jpg 696w\" sizes=\"auto, (max-width: 900px) 100vw, 900px\" \/><\/a><\/figure>\n<\/div>\n\n\n<p>\u00c9xito para la delegaci\u00f3n burgalesa en la prueba inaugural del Campeonato Liga Norte 1\/8 TT ECO celebrada en el circuito de Mieres. Los representantes del Club Modelismo Castilla cumplieron con las expectativas en una cita que destac\u00f3 por su competitividad.<\/p>\n\n\n\n<p>Los dos pilotos desplazados lograron clasificarse para la Final A. Roberto Campo finaliz\u00f3 en la novena posici\u00f3n de la clasificaci\u00f3n general, mientras que su compa\u00f1ero Ra\u00fal Infante sell\u00f3 la d\u00e9cima plaza.<\/p>\n\n\n\n<p>Con estos resultados, el club burgal\u00e9s arranca este campeonato demostrando solidez y presencia entre los mejores pilotos del norte de Espa\u00f1a.<\/p>\n","protected":false},"excerpt":{"rendered":"<p>Los representantes del club burgal\u00e9s participaron en la prueba inaugural del Campeonato Liga Norte 1\/8 TT ECO \u00c9xito para la delegaci\u00f3n burgalesa en la prueba inaugural del Campeonato Liga Norte 1\/8 TT ECO celebrada en el circuito de Mieres. Los representantes del Club Modelismo Castilla cumplieron con las expectativas en una cita que destac\u00f3 por [&hellip;]<\/p>\n","protected":false},"author":10,"featured_media":154147,"comment_status":"closed","ping_status":"closed","sticky":false,"template":"","format":"standard","meta":{"_monsterinsights_skip_tracking":false,"_monsterinsights_sitenote_active":false,"_monsterinsights_sitenote_note":"","_monsterinsights_sitenote_category":0,"footnotes":""},"categories":[50,15],"tags":[1553,48,49],"class_list":{"0":"post-154146","1":"post","2":"type-post","3":"status-publish","4":"format-standard","5":"has-post-thumbnail","7":"category-modelismo","8":"category-otros","9":"tag-actualidad-2","10":"tag-clubmodelismocastilla","11":"tag-modelismo"},"views":27,"_links":{"self":[{"href":"https:\/\/www.burgosdeporte.com\/index.php?rest_route=\/wp\/v2\/posts\/154146","targetHints":{"allow":["GET"]}}],"collection":[{"href":"https:\/\/www.burgosdeporte.com\/index.php?rest_route=\/wp\/v2\/posts"}],"about":[{"href":"https:\/\/www.burgosdeporte.com\/index.php?rest_route=\/wp\/v2\/types\/post"}],"author":[{"embeddable":true,"href":"https:\/\/www.burgosdeporte.com\/index.php?rest_route=\/wp\/v2\/users\/10"}],"replies":[{"embeddable":true,"href":"https:\/\/www.burgosdeporte.com\/index.php?rest_route=%2Fwp%2Fv2%2Fcomments&post=154146"}],"version-history":[{"count":1,"href":"https:\/\/www.burgosdeporte.com\/index.php?rest_route=\/wp\/v2\/posts\/154146\/revisions"}],"predecessor-version":[{"id":154148,"href":"https:\/\/www.burgosdeporte.com\/index.php?rest_route=\/wp\/v2\/posts\/154146\/revisions\/154148"}],"wp:featuredmedia":[{"embeddable":true,"href":"https:\/\/www.burgosdeporte.com\/index.php?rest_route=\/wp\/v2\/media\/154147"}],"wp:attachment":[{"href":"https:\/\/www.burgosdeporte.com\/index.php?rest_route=%2Fwp%2Fv2%2Fmedia&parent=154146"}],"wp:term":[{"taxonomy":"category","embeddable":true,"href":"https:\/\/www.burgosdeporte.com\/index.php?rest_route=%2Fwp%2Fv2%2Fcategories&post=154146"},{"taxonomy":"post_tag","embeddable":true,"href":"https:\/\/www.burgosdeporte.com\/index.php?rest_route=%2Fwp%2Fv2%2Ftags&post=154146"}],"curies":[{"name":"wp","href":"https:\/\/api.w.org\/{rel}","templated":true}]}}