{"id":154142,"date":"2026-04-30T17:22:16","date_gmt":"2026-04-30T15:22:16","guid":{"rendered":"https:\/\/www.burgosdeporte.com\/?p=154142"},"modified":"2026-04-30T17:27:19","modified_gmt":"2026-04-30T15:27:19","slug":"ramis-tenemos-que-sumar-puntos-para-posicionarnos-lo-mejor-posible","status":"publish","type":"post","link":"https:\/\/www.burgosdeporte.com\/?p=154142","title":{"rendered":"Ramis: \u00abTenemos que sumar puntos y posicionarnos lo mejor posible\u00bb"},"content":{"rendered":"\n<h2 class=\"wp-block-heading\">El entrenador del Burgos CF, Luis Miguel Ramis valora el pr\u00f3ximo partido frente a la Real Sociedad B que se jugar\u00e1 el domingo en Anoeta.<\/h2>\n\n\n<div class=\"wp-block-image\">\n<figure class=\"aligncenter size-full\"><img loading=\"lazy\" decoding=\"async\" width=\"300\" height=\"250\" src=\"https:\/\/www.burgosdeporte.com\/wp-content\/uploads\/2026\/04\/300x250_RenewDays_Abril2026.gif\" alt=\"\" class=\"wp-image-153147\"\/><\/figure>\n<\/div>\n\n\n<p>El entrenador del equipo blanquinegro, Luis Miguel Ramis, comparec\u00eda en rueda de prensa este jueves en la previa del partido que se jugar\u00e1 el pr\u00f3ximo domingo en el Estadio de Anoeta en San Sebasti\u00e1n. Este es el res\u00famen de sus declaraciones:  <\/p>\n\n\n\n<p><strong>LAS CUENTAS DEL PLAYOFF <\/strong><\/p>\n\n\n\n<p><em>\u201cLas matem\u00e1ticas son f\u00e1ciles: tenemos que sumar puntos para seguir posicion\u00e1ndonos de cara al objetivo. Sabemos que el resto de los equipos y el rival de este fin de semana necesitan los puntos y que no va a ser f\u00e1cil\u201d.<\/em><\/p>\n\n\n\n<p><strong>PLAN DE TRABAJO<\/strong><\/p>\n\n\n\n<p><em>\u201cTenemos que ser rigurosos, centrarnos en el trabajo diario y confiar en el plan de cada partido. M\u00e1s all\u00e1 de esto nos rodea la ilusi\u00f3n y el estr\u00e9s competitivo, pero sabemos lo que tenemos que hacer para seguir so\u00f1ando\u201d.<\/em><\/p>\n\n\n\n<p><strong>TODOS LOS PARTIDOS SON DIFERENTES<\/strong><\/p>\n\n\n\n<p><em>\u201cTodos los partidos tienen un componente especial, en todos hay algo en juego. Bien sea la salvaci\u00f3n, la lucha por el ascenso o el prestigio de cada club. Es un tema de responsabilidad colectiva e individual\u201d.<\/em><\/p>\n\n\n\n<p><strong>LA REAL SOCIEDAD B <\/strong><\/p>\n\n\n\n<p><em>\u201cNo es f\u00e1cil hacer un partido cerrado contra un rival contra la Real Sociedad B. Es un equipo agresivo, din\u00e1mico, que te castiga cuando te equivocas, preciso, que realiza buenas transiciones\u2026 Intentaremos ajustarnos a esas caracter\u00edsticas para contrarrestarlas y acercarnos a lo que queremos que suceda en el partido. Ellos tenen una situaci\u00f3n clasificatoria que evidentemente es un condicionante, aunque mantener la categor\u00eda no creo que sea el objetivo principal de un equipo filial, donde lo m\u00e1s importante es sacar jugadores que est\u00e9n preparados para dar el salto al primer equipo. No creo que les pese mucho la posici\u00f3n en la tabla, pero tendremos que estar atentos para ver su reacci\u00f3n al inicio y en las distintas fases de partido\u201d.<\/em><\/p>\n\n\n\n<p><strong>LA AYUDA DE LA AFICI\u00d3N<\/strong><\/p>\n\n\n\n<p><em>\u201cEstamos en una situaci\u00f3n emocionante. El ambiente del otro d\u00eda en el estadio fue extraordinario, muy especial, y queremos que siga siendo as\u00ed. Fuera de casa, tambi\u00e9n nos est\u00e1n acompa\u00f1ando y, entiendo que, en un desplazamiento cercano como este, sea m\u00e1s f\u00e1cil ver un mayor n\u00famero de aficionados. Nos est\u00e1n empujando con todas sus fuerzas y tenemos que aprovechar ese impulso\u201d.<\/em><\/p>\n\n\n\n<p><strong>ARBITRAJES<\/strong><\/p>\n\n\n\n<p><em>\u00abSigo creyendo que hay demasiadas discrepancias en las tomas de decisiones arbitrales y es algo que se deber\u00eda solucionar. Errores van a seguir habiendo, pero me gustar\u00eda que en estas \u00faltimas jornadas todo lo que se tenga que decidir sea meramente futbol\u00edstico y entiendo que el colectivo arbitral tambi\u00e9n lo quiere as\u00ed. Ojal\u00e1 sea as\u00ed y se hable lo m\u00ednimo posible de las decisiones arbitrales\u201d.<\/em><\/p>\n\n\n\n<p><strong>ESTRATEGIA<\/strong><\/p>\n\n\n\n<p><em>\u201cLas acciones a bal\u00f3n parado son muy importantes para nosotros y las trabajamos en profundidad a lo largo de la semana. Les estamos sacando partidos a estas situaciones porque el equipo est\u00e1 entendiendo c\u00f3mo gestionarlas en ataque y estamos siendo efectivos a la hora de defenderlas\u201d.<\/em><\/p>\n","protected":false},"excerpt":{"rendered":"<p>El entrenador del Burgos CF, Luis Miguel Ramis valora el pr\u00f3ximo partido frente a la Real Sociedad B que se jugar\u00e1 el domingo en Anoeta. El entrenador del equipo blanquinegro, Luis Miguel Ramis, comparec\u00eda en rueda de prensa este jueves en la previa del partido que se jugar\u00e1 el pr\u00f3ximo domingo en el Estadio de [&hellip;]<\/p>\n","protected":false},"author":10,"featured_media":154143,"comment_status":"closed","ping_status":"closed","sticky":false,"template":"","format":"standard","meta":{"_monsterinsights_skip_tracking":false,"_monsterinsights_sitenote_active":false,"_monsterinsights_sitenote_note":"","_monsterinsights_sitenote_category":0,"footnotes":""},"categories":[4],"tags":[29,1552,2217],"class_list":{"0":"post-154142","1":"post","2":"type-post","3":"status-publish","4":"format-standard","5":"has-post-thumbnail","7":"category-futbol","8":"tag-burgoscf","9":"tag-destacadas","10":"tag-luismiguelramis"},"views":37,"_links":{"self":[{"href":"https:\/\/www.burgosdeporte.com\/index.php?rest_route=\/wp\/v2\/posts\/154142","targetHints":{"allow":["GET"]}}],"collection":[{"href":"https:\/\/www.burgosdeporte.com\/index.php?rest_route=\/wp\/v2\/posts"}],"about":[{"href":"https:\/\/www.burgosdeporte.com\/index.php?rest_route=\/wp\/v2\/types\/post"}],"author":[{"embeddable":true,"href":"https:\/\/www.burgosdeporte.com\/index.php?rest_route=\/wp\/v2\/users\/10"}],"replies":[{"embeddable":true,"href":"https:\/\/www.burgosdeporte.com\/index.php?rest_route=%2Fwp%2Fv2%2Fcomments&post=154142"}],"version-history":[{"count":3,"href":"https:\/\/www.burgosdeporte.com\/index.php?rest_route=\/wp\/v2\/posts\/154142\/revisions"}],"predecessor-version":[{"id":154169,"href":"https:\/\/www.burgosdeporte.com\/index.php?rest_route=\/wp\/v2\/posts\/154142\/revisions\/154169"}],"wp:featuredmedia":[{"embeddable":true,"href":"https:\/\/www.burgosdeporte.com\/index.php?rest_route=\/wp\/v2\/media\/154143"}],"wp:attachment":[{"href":"https:\/\/www.burgosdeporte.com\/index.php?rest_route=%2Fwp%2Fv2%2Fmedia&parent=154142"}],"wp:term":[{"taxonomy":"category","embeddable":true,"href":"https:\/\/www.burgosdeporte.com\/index.php?rest_route=%2Fwp%2Fv2%2Fcategories&post=154142"},{"taxonomy":"post_tag","embeddable":true,"href":"https:\/\/www.burgosdeporte.com\/index.php?rest_route=%2Fwp%2Fv2%2Ftags&post=154142"}],"curies":[{"name":"wp","href":"https:\/\/api.w.org\/{rel}","templated":true}]}}