{"id":154137,"date":"2026-04-29T13:28:42","date_gmt":"2026-04-29T11:28:42","guid":{"rendered":"https:\/\/www.burgosdeporte.com\/?p=154137"},"modified":"2026-04-30T16:45:32","modified_gmt":"2026-04-30T14:45:32","slug":"nos-mueve-una-ilusion-tremenda-en-cada-partido-que-nos-queda","status":"publish","type":"post","link":"https:\/\/www.burgosdeporte.com\/?p=154137","title":{"rendered":"\u201cNos mueve una ilusi\u00f3n tremenda en cada partido que nos queda\u201d"},"content":{"rendered":"\n<p><strong><em>El blanquinegro Aitor Bu\u00f1uel comparece ante los medios de comunicaci\u00f3n<\/em><\/strong><\/p>\n\n\n<div class=\"wp-block-image\">\n<figure class=\"aligncenter size-full\"><a href=\"https:\/\/www.grupodesantiago.es\/promocion\/renew-days?utm_source=burgosdeporte&amp;utm_medium=banner&amp;utm_campaign=renewdays_burgosdeporte_abril26\" target=\"_blank\" rel=\" noreferrer noopener\"><img loading=\"lazy\" decoding=\"async\" width=\"300\" height=\"250\" src=\"https:\/\/www.burgosdeporte.com\/wp-content\/uploads\/2026\/04\/300x250_RenewDays_Abril2026.gif\" alt=\"\" class=\"wp-image-153147\"\/><\/a><\/figure>\n<\/div>\n\n\n<p>El futbolista del Burgos CF, Aitor Bu\u00f1uel, ha sido el encargado en comparecer este mi\u00e9rcoles en rueda de prensa para analizar el pr\u00f3ximo compromiso de los de Ramis, que visitar\u00e1n a la Real Sociedad B, este domingo, desde las 18:30 horas, en Anoeta. El defensa ha hablado de su rendimiento personal, de la fortaleza del vestuario y de la ilusi\u00f3n con la que afrontan un final de temporada en el que pelear\u00e1n por entrar en el Play-Off de ascenso a Primera Divisi\u00f3n.<\/p>\n\n\n\n<p><strong>Ilusi\u00f3n ante lo que viene. <\/strong>\u201cEn estas alturas de la temporada cada punto es importante y puede determinar si entras o no entras en Play-Off. Tenemos que quedarnos con las buenas sensaciones que nos dej\u00f3 el partido de poder habernos llevado la victoria ante un rival directo como el D\u00e9por. La atm\u00f3sfera que vivimos en El Plant\u00edo fue espectacular, la afici\u00f3n estuvo volcada con nosotros. Tenemos que centrarnos en nuestras virtudes y en nuestras fortalezas y seguir creyendo hasta el final. Quedan cinco partidos, estamos muy cerquita de poder lograr el objetivo y en el vestuario lo sabemos y se respira una ilusi\u00f3n tremenda\u201d.<\/p>\n\n\n\n<p><strong>Valoraci\u00f3n de los \u00faltimos resultados. <\/strong>\u201cEn el vestuario no hay nerviosismo. Sab\u00edamos que estos dos \u00faltimos partidos iban a ser dif\u00edciles y que cab\u00eda la posibilidad de sacar un balance como este. Pudimos haber conseguido alg\u00fan punto m\u00e1s, sobre todo ante el D\u00e9por, pero no es algo que nos preocupe porque ya estamos centrados al 100% en el pr\u00f3ximo partido. Nosotros no sentimos ninguna presi\u00f3n, todo lo contrario. Lo que nos mueve ahora mismo es una ilusi\u00f3n tremenda por apretar cada partido de los cinco que nos queda y sabemos que los rivales tambi\u00e9n se van a dejar puntos\u201d.<\/p>\n\n\n\n<p><strong>Grupo unido. <\/strong>\u201cSomos un grupo muy unido y trabajador. Si estamos ah\u00ed arriba es porque lo hemos peleado y nos hemos ganado el derecho a so\u00f1ar con el ascenso a Primera Divisi\u00f3n. Tenemos mucha confianza e ilusi\u00f3n por lograr ese objetivo y eso es lo importante a estas alturas de temporada. Estoy convencido de que lo vamos a lograr\u201d.<\/p>\n\n\n\n<p><strong>Jugadores preparados para aportar al equipo. <\/strong>\u201cTenemos un gran vestuario y todos estamos preparados para aportar. Estoy muy contento de participar m\u00e1s en estos \u00faltimos partidos y tengo ganas de demostrar que yo tambi\u00e9n puedo aportar cosas positivas a este equipo. Creo que todos tenemos esa mentalidad y es lo bueno de este grupo porque todos tenemos en mente el mismo objetivo, que es llevar al Burgos CF a Primera Divisi\u00f3n\u201d.<\/p>\n\n\n\n<p><strong>Buenas sensaciones para el final de temporada. <\/strong>\u201cHe tenido la suerte de vivir temporadas ilusionantes, varias de ellas con final feliz, y este equipo me transmite muy buenas sensaciones. Creo que la clave es la humildad de este vestuario y la \u00e9tica de trabajo. Aqu\u00ed todos entrenamos al m\u00e1ximo todos los d\u00edas y venimos con una sonrisa y eso son valores que nos han llevado a estar luchando por lo que estamos luchando a d\u00eda de hoy\u201d.<\/p>\n\n\n\n<p><strong>Rendimiento individual. <\/strong>\u201cVen\u00eda de un a\u00f1o complicado por las lesiones y las operaciones, ya que son momentos dif\u00edciles tanto a nivel deportivo como personal. Llegu\u00e9 aqu\u00ed con mucha ilusi\u00f3n de volver a sentirme al m\u00e1ximo nivel sobre el campo y, adem\u00e1s, me han recibido con los brazos abiertos. La cosa est\u00e1 yendo bien, estamos luchando por objetivos muy bonitos y la suma de todo esto hace que uno venga cada d\u00eda ilusionado y con ganas de trabajar y estar con sus compa\u00f1eros\u201d.<\/p>\n\n\n\n<p><strong>Oportunidades de jugar. <\/strong>\u201cEstoy muy agradecido por las palabras que me dedic\u00f3 Michu en la rueda de prensa del cierre de mercado de invierno. Para uno es importante sentirse valorado, incluso cuando no est\u00e1s jugando tanto. Todos estamos preparados esperando nuestra oportunidad y a m\u00ed me ha tocado ahora con la lesi\u00f3n de Lizancos. No sabes cu\u00e1ndo te va a necesitar el equipo, pero tienes que estar mentalizado de que en cualquier momento va a llegar la oportunidad y la tienes que aprovechar dando el 200% para que el equipo no baje. Estoy convencido de que, de aqu\u00ed al final, m\u00e1s compa\u00f1eros van a tener su oportunidad y la van a aprovechar\u201d.<\/p>\n\n\n\n<p><strong>Pr\u00f3ximo rival. <\/strong>\u201cMuchas veces los filiales no sabes por d\u00f3nde te van a salir. Son equipos con mucha calidad y un ritmo muy alto. Pese a estar abajo en la clasificaci\u00f3n, tienen una situaci\u00f3n peculiar por la que no tienen tanta presi\u00f3n como otros equipos. Va a ser un partido muy complicado, pero vamos a ir all\u00ed a ganar y estamos seguros de que nuestra gente va a acompa\u00f1arnos en Anoeta y entre todos vamos a conseguir la victoria\u201d.<\/p>\n\n\n\n<p><strong>Afici\u00f3n en Anoeta. <\/strong>\u201cSi nos dieran 5.000 entradas, sabemos que vendr\u00edan 5.000 aficionados a acompa\u00f1arnos. Est\u00e1n con nosotros y les hemos sentido durante todo el a\u00f1o. Ojal\u00e1 podamos conseguir todos juntos ese sue\u00f1o que significar\u00eda llevar al Burgos CF a Primera Divisi\u00f3n y entre todos seguro que podemos lograrlo\u201d.<\/p>\n","protected":false},"excerpt":{"rendered":"<p>El blanquinegro Aitor Bu\u00f1uel comparece ante los medios de comunicaci\u00f3n El futbolista del Burgos CF, Aitor Bu\u00f1uel, ha sido el encargado en comparecer este mi\u00e9rcoles en rueda de prensa para analizar el pr\u00f3ximo compromiso de los de Ramis, que visitar\u00e1n a la Real Sociedad B, este domingo, desde las 18:30 horas, en Anoeta. El defensa [&hellip;]<\/p>\n","protected":false},"author":10,"featured_media":154138,"comment_status":"closed","ping_status":"closed","sticky":false,"template":"","format":"standard","meta":{"_monsterinsights_skip_tracking":false,"_monsterinsights_sitenote_active":false,"_monsterinsights_sitenote_note":"","_monsterinsights_sitenote_category":0,"footnotes":""},"categories":[4],"tags":[1553,2571,29,32,1002],"class_list":{"0":"post-154137","1":"post","2":"type-post","3":"status-publish","4":"format-standard","5":"has-post-thumbnail","7":"category-futbol","8":"tag-actualidad-2","9":"tag-aitorbunuel","10":"tag-burgoscf","11":"tag-futbol","12":"tag-realsociedadb"},"views":51,"_links":{"self":[{"href":"https:\/\/www.burgosdeporte.com\/index.php?rest_route=\/wp\/v2\/posts\/154137","targetHints":{"allow":["GET"]}}],"collection":[{"href":"https:\/\/www.burgosdeporte.com\/index.php?rest_route=\/wp\/v2\/posts"}],"about":[{"href":"https:\/\/www.burgosdeporte.com\/index.php?rest_route=\/wp\/v2\/types\/post"}],"author":[{"embeddable":true,"href":"https:\/\/www.burgosdeporte.com\/index.php?rest_route=\/wp\/v2\/users\/10"}],"replies":[{"embeddable":true,"href":"https:\/\/www.burgosdeporte.com\/index.php?rest_route=%2Fwp%2Fv2%2Fcomments&post=154137"}],"version-history":[{"count":1,"href":"https:\/\/www.burgosdeporte.com\/index.php?rest_route=\/wp\/v2\/posts\/154137\/revisions"}],"predecessor-version":[{"id":154139,"href":"https:\/\/www.burgosdeporte.com\/index.php?rest_route=\/wp\/v2\/posts\/154137\/revisions\/154139"}],"wp:featuredmedia":[{"embeddable":true,"href":"https:\/\/www.burgosdeporte.com\/index.php?rest_route=\/wp\/v2\/media\/154138"}],"wp:attachment":[{"href":"https:\/\/www.burgosdeporte.com\/index.php?rest_route=%2Fwp%2Fv2%2Fmedia&parent=154137"}],"wp:term":[{"taxonomy":"category","embeddable":true,"href":"https:\/\/www.burgosdeporte.com\/index.php?rest_route=%2Fwp%2Fv2%2Fcategories&post=154137"},{"taxonomy":"post_tag","embeddable":true,"href":"https:\/\/www.burgosdeporte.com\/index.php?rest_route=%2Fwp%2Fv2%2Ftags&post=154137"}],"curies":[{"name":"wp","href":"https:\/\/api.w.org\/{rel}","templated":true}]}}