{"id":154131,"date":"2026-04-29T13:14:33","date_gmt":"2026-04-29T11:14:33","guid":{"rendered":"https:\/\/www.burgosdeporte.com\/?p=154131"},"modified":"2026-04-30T16:45:44","modified_gmt":"2026-04-30T14:45:44","slug":"las-lagunas-de-neila-pondran-el-broche-a-la-xi-vuelta-a-burgos-feminas","status":"publish","type":"post","link":"https:\/\/www.burgosdeporte.com\/?p=154131","title":{"rendered":"Las Lagunas de Neila pondr\u00e1n el broche a la XI Vuelta a Burgos F\u00e9minas"},"content":{"rendered":"\n<p><strong><em>La \u00faltima etapa \u201cCaminos en flor\u201d recorrer\u00e1 120 kil\u00f3metros entre Gumiel de Mercado y las Lagunas de Neila<\/em><\/strong><\/p>\n\n\n\n<p class=\"has-text-align-right\">(<em>Fotograf\u00eda: Vuelta a Burgos<\/em>)<\/p>\n\n\n<div class=\"wp-block-image\">\n<figure class=\"aligncenter size-full is-resized\"><a href=\"https:\/\/www.spirithoteles.com\/spirit-hotel-ciudad-burgos\/\" target=\"_blank\" rel=\" noreferrer noopener\"><img loading=\"lazy\" decoding=\"async\" width=\"989\" height=\"431\" src=\"https:\/\/www.burgosdeporte.com\/wp-content\/uploads\/2025\/05\/LOGO-SPIRIT-HCB-NEGRO.png\" alt=\"\" class=\"wp-image-140419\" style=\"aspect-ratio:2.2946285279482748;width:379px;height:auto\" srcset=\"https:\/\/www.burgosdeporte.com\/wp-content\/uploads\/2025\/05\/LOGO-SPIRIT-HCB-NEGRO.png 989w, https:\/\/www.burgosdeporte.com\/wp-content\/uploads\/2025\/05\/LOGO-SPIRIT-HCB-NEGRO-300x131.png 300w, https:\/\/www.burgosdeporte.com\/wp-content\/uploads\/2025\/05\/LOGO-SPIRIT-HCB-NEGRO-768x335.png 768w, https:\/\/www.burgosdeporte.com\/wp-content\/uploads\/2025\/05\/LOGO-SPIRIT-HCB-NEGRO-150x65.png 150w, https:\/\/www.burgosdeporte.com\/wp-content\/uploads\/2025\/05\/LOGO-SPIRIT-HCB-NEGRO-696x303.png 696w\" sizes=\"auto, (max-width: 989px) 100vw, 989px\" \/><\/a><\/figure>\n<\/div>\n\n\n<p>La XI Vuelta a Burgos F\u00e9minas pondr\u00e1 el broche final a su edici\u00f3n de 2026 el pr\u00f3ximo domingo 24 de mayo con la disputa de la cuarta etapa, denominada \u201cCaminos en flor\u201d, una jornada de 120 kil\u00f3metros entre Gumiel de Mercado y las Lagunas de Neila que volver\u00e1 a situar a la provincia de Burgos en el escaparate internacional del ciclismo. La prueba, integrada en el calendario UCI Women\u2019s World Tour, m\u00e1xima categor\u00eda del ciclismo femenino mundial, reunir\u00e1 una vez m\u00e1s a las mejores corredoras del pelot\u00f3n internacional.<\/p>\n\n\n\n<p>La jornada decisiva atravesar\u00e1 algunos de los paisajes m\u00e1s reconocibles del sureste de la provincia, con un recorrido que enlazar\u00e1 vi\u00f1edos, sabinares, valles de monta\u00f1a y carreteras exigentes hasta alcanzar una de las metas m\u00e1s emblem\u00e1ticas del ciclismo espa\u00f1ol.<\/p>\n\n\n\n<p>La salida se dar\u00e1 en Gumiel de Mercado para dirigirse hacia Oquillas, Pinilla Trasmonte, Santa Mar\u00eda del Mercadillo y Ciruelos de Cervera, antes de alcanzar Santo Domingo de Silos, una de las grandes referencias patrimoniales de la provincia gracias a su hist\u00f3rico monasterio y a un entorno de enorme atractivo natural y cultural.<\/p>\n\n\n\n<p>Desde all\u00ed, la carrera continuar\u00e1 por Carazo, Hacinas y Salas de los Infantes, localidad vinculada a la riqueza paleontol\u00f3gica de la Sierra de la Demanda, antes de adentrarse en un tramo cada vez m\u00e1s selectivo.<\/p>\n\n\n\n<p>La primera dificultad monta\u00f1osa llegar\u00e1 en Arroyo de Salas con el Alto de Arroyo, puerto de tercera categor\u00eda de 3,2 kil\u00f3metros al 5,3% de pendiente media. Tras coronar, el pelot\u00f3n pasar\u00e1 por Hoyuelos de la Sierra, Barbadillo del Pez, Quintanilla de Urrilla y Vallejimeno antes de alcanzar Huerta de Abajo, donde estar\u00e1 situado el sprint intermedio.<\/p>\n\n\n\n<p>Poco despu\u00e9s llegar\u00e1 el Alto de Tolba\u00f1os, tambi\u00e9n de tercera categor\u00eda, con 1,6 kil\u00f3metros al 7,5% de pendiente media, una ascensi\u00f3n corta pero explosiva que puede endurecer a\u00fan m\u00e1s la carrera antes del desenlace definitivo.<\/p>\n\n\n\n<p>Superado este punto, las corredoras pasar\u00e1n por Huerta de Arriba y afrontar\u00e1n el tramo final hacia las Lagunas de Neila tras tomar la carretera BU-822. All\u00ed comenzar\u00e1 la ascensi\u00f3n definitiva hasta meta, catalogada de categor\u00eda especial: seis kil\u00f3metros al 9,9% de pendiente media, con rampas constantes y un desgaste acumulado que suele marcar grandes diferencias.<\/p>\n\n\n\n<p>La subida a las Lagunas de Neila volver\u00e1 a ser, con toda probabilidad, el escenario donde se decida la clasificaci\u00f3n general de la Vuelta a Burgos F\u00e9minas 2026. Su dureza, su belleza paisaj\u00edstica y la tradicional presencia de numerosos aficionados en sus rampas convierten la llegada en uno de los finales m\u00e1s prestigiosos y espectaculares del calendario internacional. En esta cima ya inscribieron su nombre corredoras de referencia como Anna van der Breggen, vencedora en 2021, y Demi Vollering, triunfadora en las ediciones de 2022 y 2023.<\/p>\n\n\n\n<p>La provincia de Burgos vivir\u00e1 as\u00ed una jornada final de m\u00e1xima emoci\u00f3n para coronar a la vencedora de una prueba consolidada entre las grandes citas del ciclismo femenino mundial.<\/p>\n","protected":false},"excerpt":{"rendered":"<p>La \u00faltima etapa \u201cCaminos en flor\u201d recorrer\u00e1 120 kil\u00f3metros entre Gumiel de Mercado y las Lagunas de Neila (Fotograf\u00eda: Vuelta a Burgos) La XI Vuelta a Burgos F\u00e9minas pondr\u00e1 el broche final a su edici\u00f3n de 2026 el pr\u00f3ximo domingo 24 de mayo con la disputa de la cuarta etapa, denominada \u201cCaminos en flor\u201d, una [&hellip;]<\/p>\n","protected":false},"author":10,"featured_media":154132,"comment_status":"closed","ping_status":"closed","sticky":false,"template":"","format":"standard","meta":{"_monsterinsights_skip_tracking":false,"_monsterinsights_sitenote_active":false,"_monsterinsights_sitenote_note":"","_monsterinsights_sitenote_category":0,"footnotes":""},"categories":[63],"tags":[1553,64,531],"class_list":{"0":"post-154131","1":"post","2":"type-post","3":"status-publish","4":"format-standard","5":"has-post-thumbnail","7":"category-ciclismo","8":"tag-actualidad-2","9":"tag-ciclismo","10":"tag-vueltaaburgosfeminas"},"views":30,"_links":{"self":[{"href":"https:\/\/www.burgosdeporte.com\/index.php?rest_route=\/wp\/v2\/posts\/154131","targetHints":{"allow":["GET"]}}],"collection":[{"href":"https:\/\/www.burgosdeporte.com\/index.php?rest_route=\/wp\/v2\/posts"}],"about":[{"href":"https:\/\/www.burgosdeporte.com\/index.php?rest_route=\/wp\/v2\/types\/post"}],"author":[{"embeddable":true,"href":"https:\/\/www.burgosdeporte.com\/index.php?rest_route=\/wp\/v2\/users\/10"}],"replies":[{"embeddable":true,"href":"https:\/\/www.burgosdeporte.com\/index.php?rest_route=%2Fwp%2Fv2%2Fcomments&post=154131"}],"version-history":[{"count":1,"href":"https:\/\/www.burgosdeporte.com\/index.php?rest_route=\/wp\/v2\/posts\/154131\/revisions"}],"predecessor-version":[{"id":154133,"href":"https:\/\/www.burgosdeporte.com\/index.php?rest_route=\/wp\/v2\/posts\/154131\/revisions\/154133"}],"wp:featuredmedia":[{"embeddable":true,"href":"https:\/\/www.burgosdeporte.com\/index.php?rest_route=\/wp\/v2\/media\/154132"}],"wp:attachment":[{"href":"https:\/\/www.burgosdeporte.com\/index.php?rest_route=%2Fwp%2Fv2%2Fmedia&parent=154131"}],"wp:term":[{"taxonomy":"category","embeddable":true,"href":"https:\/\/www.burgosdeporte.com\/index.php?rest_route=%2Fwp%2Fv2%2Fcategories&post=154131"},{"taxonomy":"post_tag","embeddable":true,"href":"https:\/\/www.burgosdeporte.com\/index.php?rest_route=%2Fwp%2Fv2%2Ftags&post=154131"}],"curies":[{"name":"wp","href":"https:\/\/api.w.org\/{rel}","templated":true}]}}