{"id":154125,"date":"2026-04-29T13:00:18","date_gmt":"2026-04-29T11:00:18","guid":{"rendered":"https:\/\/www.burgosdeporte.com\/?p=154125"},"modified":"2026-04-30T16:45:54","modified_gmt":"2026-04-30T14:45:54","slug":"sara-fernandez-brilla-con-el-c-d-tizona-en-la-copa-del-mundo","status":"publish","type":"post","link":"https:\/\/www.burgosdeporte.com\/?p=154125","title":{"rendered":"Sara Fern\u00e1ndez brilla con el C.D. Tizona en la Copa del Mundo"},"content":{"rendered":"\n<p><strong><em>Los nadadores burgaleses compitieron en las aguas de Ibiza<\/em><\/strong><\/p>\n\n\n<div class=\"wp-block-image\">\n<figure class=\"aligncenter size-full is-resized\"><a href=\"https:\/\/www.ferroplas.com\/\" target=\"_blank\" rel=\" noreferrer noopener\"><img loading=\"lazy\" decoding=\"async\" width=\"900\" height=\"412\" src=\"https:\/\/www.burgosdeporte.com\/wp-content\/uploads\/2025\/05\/Ferroplas-1.jpg\" alt=\"\" class=\"wp-image-140430\" style=\"aspect-ratio:2.1844224680599615;width:301px;height:auto\" srcset=\"https:\/\/www.burgosdeporte.com\/wp-content\/uploads\/2025\/05\/Ferroplas-1.jpg 900w, https:\/\/www.burgosdeporte.com\/wp-content\/uploads\/2025\/05\/Ferroplas-1-300x137.jpg 300w, https:\/\/www.burgosdeporte.com\/wp-content\/uploads\/2025\/05\/Ferroplas-1-768x352.jpg 768w, https:\/\/www.burgosdeporte.com\/wp-content\/uploads\/2025\/05\/Ferroplas-1-150x69.jpg 150w, https:\/\/www.burgosdeporte.com\/wp-content\/uploads\/2025\/05\/Ferroplas-1-696x319.jpg 696w\" sizes=\"auto, (max-width: 900px) 100vw, 900px\" \/><\/a><\/figure>\n<\/div>\n\n\n<p>El club burgal\u00e9s completa una destacada actuaci\u00f3n en un Campeonato de Espa\u00f1a M\u00e1ster de r\u00e9cord, con m\u00e1s de 500 nadadores y un centenar de clubes participantes. Las aguas pitiusas han sido el escenario de una de las citas m\u00e1s multitudinarias del calendario nacional.<\/p>\n\n\n\n<p>El Campeonato de Espa\u00f1a M\u00e1ster de Aguas Abiertas, celebrado este fin de semana en el marco de la Copa del Mundo Ibiza 2026, ha batido todas las expectativas de participaci\u00f3n, convirtiendo la bah\u00eda de Santa Eulalia en el epicentro de la nataci\u00f3n mundial.<\/p>\n\n\n\n<p>La competici\u00f3n ha destacado por su magnitud t\u00e9cnica y humana, contando con la participaci\u00f3n de 520 nadadores procedentes de 119 clubes. La jornada final, bajo un sol radiante, estuvo marcada por la bravura del mar. Por motivos de seguridad, la Real Federaci\u00f3n Espa\u00f1ola de Nataci\u00f3n (RFEN) decidi\u00f3 acortar la distancia oficial de los 3 kil\u00f3metros previstos a 1,5 kil\u00f3metros.<\/p>\n\n\n\n<p><strong>Un oro mundial y grandes resultados nacionales<\/strong><\/p>\n\n\n\n<p>La gran protagonista de la expedici\u00f3n burgalesa fue Sara Fern\u00e1ndez P\u00e9rez. En una exhibici\u00f3n de potencia y estrategia en la categor\u00eda +35, Sara logr\u00f3 alzarse con el primer puesto en la etapa de la Copa del Mundo, deteniendo el crono en 22:44.8. Este oro internacional subraya el excelente nivel de la nadadora del Tizona frente a rivales de diversos pa\u00edses.<\/p>\n\n\n\n<p>El resto de los integrantes del equipo burgal\u00e9s firmaron actuaciones de gran m\u00e9rito, logrando situarse en el \u00abTop 20\u00bb nacional de sus respectivas categor\u00edas:<\/p>\n\n\n\n<ul class=\"wp-block-list\">\n<li>Luis Carranza Mart\u00edn (+65): Roz\u00f3 el diploma con un excelente 10\u00ba puesto nacional y un tiempo de 29:21.<\/li>\n\n\n\n<li>Paula Carranza Mart\u00edn (+35): Finaliz\u00f3 en la 17\u00aa posici\u00f3n con un tiempo de 26:54, en una de las categor\u00edas m\u00e1s competitivas del torneo.<\/li>\n\n\n\n<li>Ra\u00fal Urbina Fonturbel (+60): Logr\u00f3 tambi\u00e9n el 17\u00ba puesto de Espa\u00f1a tras cruzar la meta en 28:19.2.<\/li>\n<\/ul>\n\n\n\n<p><strong>Una fiesta de la nataci\u00f3n<\/strong><\/p>\n\n\n\n<p>El evento, calificado como un \u00abMass Event\u00bb hist\u00f3rico por la RFEN, no solo fue una prueba deportiva de alto nivel, sino una aut\u00e9ntica fiesta en el Paseo Mar\u00edtimo de Santa Eulalia. El C.D. Tizona regresa de Ibiza con el orgullo de haber competido de t\u00fa a t\u00fa en un campeonato de dimensiones r\u00e9cord, reafirmando el gran estado de salud de la nataci\u00f3n m\u00e1ster en Burgos.<\/p>\n","protected":false},"excerpt":{"rendered":"<p>Los nadadores burgaleses compitieron en las aguas de Ibiza El club burgal\u00e9s completa una destacada actuaci\u00f3n en un Campeonato de Espa\u00f1a M\u00e1ster de r\u00e9cord, con m\u00e1s de 500 nadadores y un centenar de clubes participantes. Las aguas pitiusas han sido el escenario de una de las citas m\u00e1s multitudinarias del calendario nacional. El Campeonato de [&hellip;]<\/p>\n","protected":false},"author":10,"featured_media":154126,"comment_status":"closed","ping_status":"closed","sticky":false,"template":"","format":"standard","meta":{"_monsterinsights_skip_tracking":false,"_monsterinsights_sitenote_active":false,"_monsterinsights_sitenote_note":"","_monsterinsights_sitenote_category":0,"footnotes":""},"categories":[205,15],"tags":[1553,2657,206],"class_list":{"0":"post-154125","1":"post","2":"type-post","3":"status-publish","4":"format-standard","5":"has-post-thumbnail","7":"category-natacion","8":"category-otros","9":"tag-actualidad-2","10":"tag-cntizonaburgos","11":"tag-natacion"},"views":385,"_links":{"self":[{"href":"https:\/\/www.burgosdeporte.com\/index.php?rest_route=\/wp\/v2\/posts\/154125","targetHints":{"allow":["GET"]}}],"collection":[{"href":"https:\/\/www.burgosdeporte.com\/index.php?rest_route=\/wp\/v2\/posts"}],"about":[{"href":"https:\/\/www.burgosdeporte.com\/index.php?rest_route=\/wp\/v2\/types\/post"}],"author":[{"embeddable":true,"href":"https:\/\/www.burgosdeporte.com\/index.php?rest_route=\/wp\/v2\/users\/10"}],"replies":[{"embeddable":true,"href":"https:\/\/www.burgosdeporte.com\/index.php?rest_route=%2Fwp%2Fv2%2Fcomments&post=154125"}],"version-history":[{"count":1,"href":"https:\/\/www.burgosdeporte.com\/index.php?rest_route=\/wp\/v2\/posts\/154125\/revisions"}],"predecessor-version":[{"id":154127,"href":"https:\/\/www.burgosdeporte.com\/index.php?rest_route=\/wp\/v2\/posts\/154125\/revisions\/154127"}],"wp:featuredmedia":[{"embeddable":true,"href":"https:\/\/www.burgosdeporte.com\/index.php?rest_route=\/wp\/v2\/media\/154126"}],"wp:attachment":[{"href":"https:\/\/www.burgosdeporte.com\/index.php?rest_route=%2Fwp%2Fv2%2Fmedia&parent=154125"}],"wp:term":[{"taxonomy":"category","embeddable":true,"href":"https:\/\/www.burgosdeporte.com\/index.php?rest_route=%2Fwp%2Fv2%2Fcategories&post=154125"},{"taxonomy":"post_tag","embeddable":true,"href":"https:\/\/www.burgosdeporte.com\/index.php?rest_route=%2Fwp%2Fv2%2Ftags&post=154125"}],"curies":[{"name":"wp","href":"https:\/\/api.w.org\/{rel}","templated":true}]}}