{"id":154114,"date":"2026-04-28T14:07:55","date_gmt":"2026-04-28T12:07:55","guid":{"rendered":"https:\/\/www.burgosdeporte.com\/?p=154114"},"modified":"2026-04-29T13:31:31","modified_gmt":"2026-04-29T11:31:31","slug":"tercer-puesto-de-cesar-macias-en-la-segunda-etapa-del-tour-de-turquia","status":"publish","type":"post","link":"https:\/\/www.burgosdeporte.com\/?p=154114","title":{"rendered":"Tercer puesto de C\u00e9sar Mac\u00edas en la segunda etapa del Tour de Turqu\u00eda"},"content":{"rendered":"\n<p><strong><em>El mexicano del Burgos Burpellet BH se qued\u00f3 muy cerca de la victoria al sprint en Marmaris<\/em><\/strong><\/p>\n\n\n\n<p class=\"has-text-align-right\">(<em>Fotograf\u00eda: Tommaso Pelagalli \/ Sprint Cycling Agency<\/em>)<\/p>\n\n\n<div class=\"wp-block-image\">\n<figure class=\"aligncenter size-full is-resized\"><a href=\"https:\/\/www.spirithoteles.com\/spirit-hotel-ciudad-burgos\/\" target=\"_blank\" rel=\" noreferrer noopener\"><img loading=\"lazy\" decoding=\"async\" width=\"989\" height=\"431\" src=\"https:\/\/www.burgosdeporte.com\/wp-content\/uploads\/2025\/05\/LOGO-SPIRIT-HCB-NEGRO.png\" alt=\"\" class=\"wp-image-140419\" style=\"aspect-ratio:2.2946285279482748;width:365px;height:auto\" srcset=\"https:\/\/www.burgosdeporte.com\/wp-content\/uploads\/2025\/05\/LOGO-SPIRIT-HCB-NEGRO.png 989w, https:\/\/www.burgosdeporte.com\/wp-content\/uploads\/2025\/05\/LOGO-SPIRIT-HCB-NEGRO-300x131.png 300w, https:\/\/www.burgosdeporte.com\/wp-content\/uploads\/2025\/05\/LOGO-SPIRIT-HCB-NEGRO-768x335.png 768w, https:\/\/www.burgosdeporte.com\/wp-content\/uploads\/2025\/05\/LOGO-SPIRIT-HCB-NEGRO-150x65.png 150w, https:\/\/www.burgosdeporte.com\/wp-content\/uploads\/2025\/05\/LOGO-SPIRIT-HCB-NEGRO-696x303.png 696w\" sizes=\"auto, (max-width: 989px) 100vw, 989px\" \/><\/a><\/figure>\n<\/div>\n\n\n<p>El Burgos Burpelelt BH subi\u00f3 al podio en el inicio del Tour de Turqu\u00eda gracias a una buena actuaci\u00f3n de C\u00e9sar Mac\u00edas al sprint. El velocista mexicano termin\u00f3 tercero en la volata con la que se resolvi\u00f3 la segunda etapa de la carrera en Marmaris. El joven de 22 a\u00f1os supo pelear por una buena posici\u00f3n en el pelot\u00f3n en los kil\u00f3metros finales, ayudado por sus compa\u00f1eros, y lanz\u00f3 su sprint para acabar con la medalla de bronce de la etapa. Un resultado que le permite ascender a la cuarta posici\u00f3n de la general y le carga de motivaci\u00f3n de cara a pr\u00f3ximas etapas en Turqu\u00eda que tambi\u00e9n puedan resolverse al sprint.<\/p>\n\n\n\n<p>Los morados pudieron resarcirse de la jornada previa, en la que Mac\u00edas qued\u00f3 encerrado y no pelear por el triunfo parcial. En esta ocasi\u00f3n, el mexicano se sirvi\u00f3 del buen lanzamiento de su compa\u00f1ero Vojtech Km\u00ednek, que le ayud\u00f3 a llegar a los puestos delanteros. El grupo se hab\u00eda estirado en el \u00faltimo repecho del d\u00eda, donde Adri\u00e1n Fajardo y Jos\u00e9 Luis Faura aceleraron el ritmo de carrera, buscando descolgar a los velocistas puros. Los morados pudieron sortear la ca\u00edda que se produjo en el kil\u00f3metro final y C\u00e9sar despleg\u00f3 su velocidad para acabar tercero en Marmaris.<\/p>\n\n\n\n<p>C\u00e9sar Mac\u00edas: \u00abFue una etapa un poco m\u00e1s dura que ayer y eso nos ven\u00eda un poco mejor a nosotros. Esper\u00e1bamos un sprint reducido, porque la gente se quedase en el \u00faltimo repecho. Intentamos apretar con Faura y Fajardo para hacer la subida lo m\u00e1s dura posible y que se rompiera. Coronamos unos 30 ciclistas y, aunque algunos entraron bajando, ya no era lo mismo. La gente ya ven\u00eda &#8216;fumigada&#8217; y fue un sprint un poco distinto, m\u00e1s favorable para nosotros. Fueron unos \u00faltimos 20 kil\u00f3metros duros, en los que fue importante estar delante, tener piernas y ser r\u00e1pido al final\u00bb.<\/p>\n\n\n\n<p>Los sprinters se har\u00e1n a un lado este martes y ceder\u00e1n el protagonismo a los escaladores en la primera gran etapa de monta\u00f1a del Tour de Turqu\u00eda. Ciclistas como Aparicio, Kudus o Faura tratar\u00e1n de lograr un buen resultado en la llegada en alto a Kiran (9 km al 10%). Un duro ascenso que cerrar\u00e1 una jornada de 133 kil\u00f3metros con inicio en Marmaris. Los corredores har\u00e1n un primer paso cerca de la l\u00ednea de meta a mitad de carrera, al subir por otra vertiente m\u00e1s larga de 18 kil\u00f3metros con unas rampas iniciales de hasta el 10% de desnivel.<\/p>\n","protected":false},"excerpt":{"rendered":"<p>El mexicano del Burgos Burpellet BH se qued\u00f3 muy cerca de la victoria al sprint en Marmaris (Fotograf\u00eda: Tommaso Pelagalli \/ Sprint Cycling Agency) El Burgos Burpelelt BH subi\u00f3 al podio en el inicio del Tour de Turqu\u00eda gracias a una buena actuaci\u00f3n de C\u00e9sar Mac\u00edas al sprint. El velocista mexicano termin\u00f3 tercero en la [&hellip;]<\/p>\n","protected":false},"author":10,"featured_media":154115,"comment_status":"closed","ping_status":"closed","sticky":false,"template":"","format":"standard","meta":{"_monsterinsights_skip_tracking":false,"_monsterinsights_sitenote_active":false,"_monsterinsights_sitenote_note":"","_monsterinsights_sitenote_category":0,"footnotes":""},"categories":[63],"tags":[1553,11,64],"class_list":{"0":"post-154114","1":"post","2":"type-post","3":"status-publish","4":"format-standard","5":"has-post-thumbnail","7":"category-ciclismo","8":"tag-actualidad-2","9":"tag-burgosbh","10":"tag-ciclismo"},"views":27,"_links":{"self":[{"href":"https:\/\/www.burgosdeporte.com\/index.php?rest_route=\/wp\/v2\/posts\/154114","targetHints":{"allow":["GET"]}}],"collection":[{"href":"https:\/\/www.burgosdeporte.com\/index.php?rest_route=\/wp\/v2\/posts"}],"about":[{"href":"https:\/\/www.burgosdeporte.com\/index.php?rest_route=\/wp\/v2\/types\/post"}],"author":[{"embeddable":true,"href":"https:\/\/www.burgosdeporte.com\/index.php?rest_route=\/wp\/v2\/users\/10"}],"replies":[{"embeddable":true,"href":"https:\/\/www.burgosdeporte.com\/index.php?rest_route=%2Fwp%2Fv2%2Fcomments&post=154114"}],"version-history":[{"count":1,"href":"https:\/\/www.burgosdeporte.com\/index.php?rest_route=\/wp\/v2\/posts\/154114\/revisions"}],"predecessor-version":[{"id":154116,"href":"https:\/\/www.burgosdeporte.com\/index.php?rest_route=\/wp\/v2\/posts\/154114\/revisions\/154116"}],"wp:featuredmedia":[{"embeddable":true,"href":"https:\/\/www.burgosdeporte.com\/index.php?rest_route=\/wp\/v2\/media\/154115"}],"wp:attachment":[{"href":"https:\/\/www.burgosdeporte.com\/index.php?rest_route=%2Fwp%2Fv2%2Fmedia&parent=154114"}],"wp:term":[{"taxonomy":"category","embeddable":true,"href":"https:\/\/www.burgosdeporte.com\/index.php?rest_route=%2Fwp%2Fv2%2Fcategories&post=154114"},{"taxonomy":"post_tag","embeddable":true,"href":"https:\/\/www.burgosdeporte.com\/index.php?rest_route=%2Fwp%2Fv2%2Ftags&post=154114"}],"curies":[{"name":"wp","href":"https:\/\/api.w.org\/{rel}","templated":true}]}}