{"id":154107,"date":"2026-04-28T13:48:53","date_gmt":"2026-04-28T11:48:53","guid":{"rendered":"https:\/\/www.burgosdeporte.com\/?p=154107"},"modified":"2026-04-29T13:31:47","modified_gmt":"2026-04-29T11:31:47","slug":"bronce-del-judoka-ruben-diez-en-el-nacional-infantil","status":"publish","type":"post","link":"https:\/\/www.burgosdeporte.com\/?p=154107","title":{"rendered":"Bronce del judoka Rub\u00e9n D\u00edez en el nacional infantil"},"content":{"rendered":"\n<p><strong><em>Burgos suma adem\u00e1s un quinto y dos s\u00e9ptimos puestos en el Campeonato de Espa\u00f1a<\/em><\/strong><\/p>\n\n\n<div class=\"wp-block-image\">\n<figure class=\"aligncenter size-full is-resized\"><a href=\"https:\/\/www.ferroplas.com\/\" target=\"_blank\" rel=\" noreferrer noopener\"><img loading=\"lazy\" decoding=\"async\" width=\"900\" height=\"412\" src=\"https:\/\/www.burgosdeporte.com\/wp-content\/uploads\/2025\/05\/Ferroplas-1.jpg\" alt=\"\" class=\"wp-image-140430\" style=\"aspect-ratio:2.1844224680599615;width:354px;height:auto\" srcset=\"https:\/\/www.burgosdeporte.com\/wp-content\/uploads\/2025\/05\/Ferroplas-1.jpg 900w, https:\/\/www.burgosdeporte.com\/wp-content\/uploads\/2025\/05\/Ferroplas-1-300x137.jpg 300w, https:\/\/www.burgosdeporte.com\/wp-content\/uploads\/2025\/05\/Ferroplas-1-768x352.jpg 768w, https:\/\/www.burgosdeporte.com\/wp-content\/uploads\/2025\/05\/Ferroplas-1-150x69.jpg 150w, https:\/\/www.burgosdeporte.com\/wp-content\/uploads\/2025\/05\/Ferroplas-1-696x319.jpg 696w\" sizes=\"auto, (max-width: 900px) 100vw, 900px\" \/><\/a><\/figure>\n<\/div>\n\n\n<p>El judoka burgal\u00e9s Rub\u00e9n D\u00edez, del Club Grandmontagne, se ha colgado la medalla de bronce en el Campeonato de Espa\u00f1a Infantil, que se disput\u00f3 en Palma de Mallorca.<\/p>\n\n\n\n<p>Rub\u00e9n D\u00edez alcanza su segundo podio en esta categor\u00eda en un Campeonato de Espa\u00f1a, esta vez con una medalla de bronce en menos de 66 Kg. La medalla cobra mayor relevancia tras haberla conseguido arrastrando molestias de una lesi\u00f3n que se produjo un mes antes en un entreno federativo.<\/p>\n\n\n\n<p>Burgos mereci\u00f3 a\u00fan mejores resultados en forma de medallas, con una actuaci\u00f3n brillante de todos los judokas locales que consiguieron un quinto puesto en infantil de la mano de Rodrigo Porres (+ 66kg) del Club Suzaku y otros dos s\u00e9ptimos puestos en categor\u00eda cadete, con Rodrigo Franc\u00e9s del Club Grandmontagne (-73kg) y Carla Rodr\u00edguez del Club Estudiantes (-40kg).<\/p>\n\n\n\n<p>Adem\u00e1s participaron formando parte del combinado Castellano Leon\u00e9s realizando brillantes combates los judokas burgaleses: Noa Barajas (Grandmontagne, 52kg), Bruno Alonso (Grandmontagne, 38kg), \u00c1ngel Jurado (Grandmontagne, 42kg). Germ\u00e1n Aparicio (Elite, 50kg), Mario Delgado (Suzaku, 55kg), Jos\u00e9 Luis P\u00e9rez (Suzaku, 60kg), Letizia Ortiz (Grandmontagne, 44kg), Celia Labarga (Grandmontagne, 63kg), Alejandro Ichausti (Suzaku, 66kg) y Rom\u00e1n Mart\u00edn (Grandmontagne, 90kg).<\/p>\n\n\n\n<p>Una vez m\u00e1s el judo burgal\u00e9s muestra un importante nivel en las categor\u00edas base del judo espa\u00f1ol.<\/p>\n","protected":false},"excerpt":{"rendered":"<p>Burgos suma adem\u00e1s un quinto y dos s\u00e9ptimos puestos en el Campeonato de Espa\u00f1a El judoka burgal\u00e9s Rub\u00e9n D\u00edez, del Club Grandmontagne, se ha colgado la medalla de bronce en el Campeonato de Espa\u00f1a Infantil, que se disput\u00f3 en Palma de Mallorca. Rub\u00e9n D\u00edez alcanza su segundo podio en esta categor\u00eda en un Campeonato de [&hellip;]<\/p>\n","protected":false},"author":10,"featured_media":154108,"comment_status":"closed","ping_status":"closed","sticky":false,"template":"","format":"standard","meta":{"_monsterinsights_skip_tracking":false,"_monsterinsights_sitenote_active":false,"_monsterinsights_sitenote_note":"","_monsterinsights_sitenote_category":0,"footnotes":""},"categories":[134,15],"tags":[1553,133,615],"class_list":{"0":"post-154107","1":"post","2":"type-post","3":"status-publish","4":"format-standard","5":"has-post-thumbnail","7":"category-judo","8":"category-otros","9":"tag-actualidad-2","10":"tag-judo","11":"tag-judograndmontagne"},"views":23,"_links":{"self":[{"href":"https:\/\/www.burgosdeporte.com\/index.php?rest_route=\/wp\/v2\/posts\/154107","targetHints":{"allow":["GET"]}}],"collection":[{"href":"https:\/\/www.burgosdeporte.com\/index.php?rest_route=\/wp\/v2\/posts"}],"about":[{"href":"https:\/\/www.burgosdeporte.com\/index.php?rest_route=\/wp\/v2\/types\/post"}],"author":[{"embeddable":true,"href":"https:\/\/www.burgosdeporte.com\/index.php?rest_route=\/wp\/v2\/users\/10"}],"replies":[{"embeddable":true,"href":"https:\/\/www.burgosdeporte.com\/index.php?rest_route=%2Fwp%2Fv2%2Fcomments&post=154107"}],"version-history":[{"count":2,"href":"https:\/\/www.burgosdeporte.com\/index.php?rest_route=\/wp\/v2\/posts\/154107\/revisions"}],"predecessor-version":[{"id":154110,"href":"https:\/\/www.burgosdeporte.com\/index.php?rest_route=\/wp\/v2\/posts\/154107\/revisions\/154110"}],"wp:featuredmedia":[{"embeddable":true,"href":"https:\/\/www.burgosdeporte.com\/index.php?rest_route=\/wp\/v2\/media\/154108"}],"wp:attachment":[{"href":"https:\/\/www.burgosdeporte.com\/index.php?rest_route=%2Fwp%2Fv2%2Fmedia&parent=154107"}],"wp:term":[{"taxonomy":"category","embeddable":true,"href":"https:\/\/www.burgosdeporte.com\/index.php?rest_route=%2Fwp%2Fv2%2Fcategories&post=154107"},{"taxonomy":"post_tag","embeddable":true,"href":"https:\/\/www.burgosdeporte.com\/index.php?rest_route=%2Fwp%2Fv2%2Ftags&post=154107"}],"curies":[{"name":"wp","href":"https:\/\/api.w.org\/{rel}","templated":true}]}}