{"id":154104,"date":"2026-04-28T13:42:31","date_gmt":"2026-04-28T11:42:31","guid":{"rendered":"https:\/\/www.burgosdeporte.com\/?p=154104"},"modified":"2026-04-28T16:54:55","modified_gmt":"2026-04-28T14:54:55","slug":"aranda-de-duero-cita-a-las-grandes-promesas-del-pentatlon-nacional","status":"publish","type":"post","link":"https:\/\/www.burgosdeporte.com\/?p=154104","title":{"rendered":"Aranda de Duero cita a las grandes promesas del pentatl\u00f3n nacional"},"content":{"rendered":"\n<p><strong><em>Un centenar de deportistas de ocho comunidades, disputar\u00e1n los t\u00edtulos de Edades, en Edad Escolar y, por primera vez, Universitario<\/em><\/strong><\/p>\n\n\n<div class=\"wp-block-image\">\n<figure class=\"aligncenter size-full\"><a href=\"https:\/\/felixrubio.es\/\" target=\"_blank\" rel=\" noreferrer noopener\"><img loading=\"lazy\" decoding=\"async\" width=\"300\" height=\"90\" src=\"https:\/\/www.burgosdeporte.com\/wp-content\/uploads\/2023\/10\/Felix_rubio_2.gif\" alt=\"\" class=\"wp-image-108903\"\/><\/a><\/figure>\n<\/div>\n\n\n<p>La celebraci\u00f3n de los Campeonatos de Espa\u00f1a de Pentatl\u00f3n en las categor\u00edas Edades, en Edad Escolar (CESA) y Universitario este fin de semana en Aranda de Duero (Burgos), reunir\u00e1 en la capital ribere\u00f1a a los que est\u00e1n llamados a ser protagonistas de este deporte en futuras citas de \u00e1mbito nacional e, incluso, internacional.<\/p>\n\n\n\n<p>Un centenar de deportistas de ocho comunidades aut\u00f3nomas -Galicia, Asturias, Cantabria, Catalu\u00f1a, Madrid, Comunidad Valenciana y Baleares, adem\u00e1s de la anfitriona, Castilla y Le\u00f3n- se dar\u00e1n cita del 1 al 3 de mayo para optar al t\u00edtulo nacional de un deporte en el que los participantes compiten en nataci\u00f3n, obst\u00e1culos y l\u00e1ser-run, que combina la carrera a pie con el tiro.<\/p>\n\n\n\n<p>Todas las pruebas se desarrollar\u00e1n en el espacio urbano existente entre la calle Las Francesas y la plaza de la Hispanidad. El sector de la nataci\u00f3n tendr\u00e1 lugar en la piscina municipal cubierta, los obst\u00e1culos y los 22 puestos de tiro se instalar\u00e1n en el patio del colegio p\u00fablico Fern\u00e1n Gonz\u00e1lez, mismo lugar por donde discurrir\u00e1 la carrera a pie.<\/p>\n\n\n\n<p>El Campeonato de Espa\u00f1a de Edades -que pondr\u00e1 en disputa tambi\u00e9n el t\u00edtulo regional sub15- dar\u00e1 el pistoletazo de salida a todo un fin de semana de competiciones.<\/p>\n\n\n\n<p>Comenzar\u00e1 el viernes, 1 de mayo, a partir de las 16:00 horas, participar\u00e1n deportistas de las categor\u00edas U9, U11, U13 y U15, nacidos entre los a\u00f1os 2012 y 2019. Tendr\u00e1n que cubrir entre 25 y 100 metros de nataci\u00f3n, alternar\u00e1n dos o tres series de entre 300 y 600 metros de carrera a pie con otras tantas de tiro a tres o cinco metros de la diana y, solo los de m\u00e1s edad, tambi\u00e9n realizar\u00e1n el circuito de obst\u00e1culos.<\/p>\n\n\n\n<p>En esta primera jornada se disputar\u00e1 tambi\u00e9n la prueba Open Escolar, que como su propio nombre indica est\u00e1 abierta a todos los escolares que quieran participar, independientemente de que est\u00e9n o no federados o que hayan practicado alguna vez este deporte, y quieran probar en un deporte que hunde sus ra\u00edces en la Grecia cl\u00e1sica. Las inscripciones est\u00e1n abiertas hasta la medianoche de este mi\u00e9rcoles rellenando este formulario.<\/p>\n\n\n\n<p>Ya el s\u00e1bado, desde las 09:00 horas, se celebrar\u00e1 el Campeonato de Espa\u00f1a en Edad Escolar (CESA) individual por autonom\u00edas, competici\u00f3n deportiva oficial organizada por el Consejo Superior de Deportes (CSD) junto a las federaciones nacionales que re\u00fane a j\u00f3venes talentos de diferentes comunidades aut\u00f3nomas.<\/p>\n\n\n\n<p>Se competir\u00e1 en dos grupos, SUB15, cuyos integrantes nadar\u00e1n 100 metros, realizar\u00e1n tres series de 600 metros de carrera a pie, intercal\u00e1ndolas con tres ciclos de tiro a cinco metros, y obst\u00e1culos, y SUB18, con casi el mismo circuito salvo en el l\u00e1ser-run, que estar\u00e1 compuesto por cuatro series de 600 metros a pie y las mismas de disparo, pero a siete metros.<\/p>\n\n\n\n<p>Una cita en la que puede saltar la sorpresa ya que, atendiendo a los resultados obtenidos en competiciones previas, la selecci\u00f3n Sub15 de Castilla y Le\u00f3n podr\u00eda arrebatar el t\u00edtulo a Catalu\u00f1a, aut\u00e9ntica dominadora del deporte de las cinco disciplinas. Todo ello sin olvidarse del resto de autonom\u00edas participantes, que llegan a la capital ribere\u00f1a con los mejores de sus pentatletas.<\/p>\n\n\n\n<p>Las \u00faltimas pruebas se desarrollar\u00e1n el domingo a partir de las 09:00 horas y tambi\u00e9n llegan cargadas de novedades. En primer lugar, el Campeonato de Espa\u00f1a Universitario, que, bajo la categor\u00eda sub27, se celebrar\u00e1 por primera vez bajo en Espa\u00f1a. En este caso no hay segmento de nataci\u00f3n, el l\u00e1ser-run se disputar\u00e1 alternando cinco series de carrera a pie de 600 metros con otras tantas de tiro a diez metros y el circuito de obst\u00e1culos.<\/p>\n\n\n\n<p>Tendr\u00e1n lugar la ma\u00f1ana del domingo, adem\u00e1s, el Campeonato de Espa\u00f1a en Edad Escolar (CESA) relevos mixtos, y el Tetratl\u00f3n, campeonato de Castilla y Le\u00f3n de la modalidad y prueba open. Esta \u00faltima competici\u00f3n, que a\u00fan tiene las inscripciones abiertas y pueden formalizarse hasta la medianoche de ma\u00f1ana mi\u00e9rcoles en la web de la Federaci\u00f3n de Triatl\u00f3n y Pentatl\u00f3n Moderno de Castilla y Le\u00f3n, se realizar\u00e1 en distancias m\u00e1s cortas a las oficiales: 100 metros de nataci\u00f3n, tres series combinando carrera a pie (600 metros) y tiro a 10 metros y obst\u00e1culos. Ser\u00e1 el cierre a todo un fin de semana de deporte de \u00e9lite.<\/p>\n\n\n\n<p>La celebraci\u00f3n de este Campeonato de Espa\u00f1a est\u00e1 organizada por el Ayuntamiento de Aranda, a trav\u00e9s de la Concejal\u00eda de Deportes, y la Federaci\u00f3n de Castilla y Le\u00f3n de Triatl\u00f3n y Pentatl\u00f3n Moderno. Se puede llevar a cabo, adem\u00e1s, gracias a la colaboraci\u00f3n del colegio Fern\u00e1n Gonz\u00e1lez, que cede sus instalaciones para poder ubicar los elementos necesarios para la competici\u00f3n y trazar los circuitos. Este centro escolar, como preparaci\u00f3n a la cita del fin de semana, acoger\u00e1 el jueves dos jornadas de demostraci\u00f3n de pentatl\u00f3n en edad escolar.<\/p>\n","protected":false},"excerpt":{"rendered":"<p>Un centenar de deportistas de ocho comunidades, disputar\u00e1n los t\u00edtulos de Edades, en Edad Escolar y, por primera vez, Universitario La celebraci\u00f3n de los Campeonatos de Espa\u00f1a de Pentatl\u00f3n en las categor\u00edas Edades, en Edad Escolar (CESA) y Universitario este fin de semana en Aranda de Duero (Burgos), reunir\u00e1 en la capital ribere\u00f1a a los [&hellip;]<\/p>\n","protected":false},"author":10,"featured_media":154105,"comment_status":"closed","ping_status":"closed","sticky":false,"template":"","format":"standard","meta":{"_monsterinsights_skip_tracking":false,"_monsterinsights_sitenote_active":false,"_monsterinsights_sitenote_note":"","_monsterinsights_sitenote_category":0,"footnotes":""},"categories":[15],"tags":[1553,860,2762],"class_list":{"0":"post-154104","1":"post","2":"type-post","3":"status-publish","4":"format-standard","5":"has-post-thumbnail","7":"category-otros","8":"tag-actualidad-2","9":"tag-arandadeduero","10":"tag-pentatlon"},"views":18,"_links":{"self":[{"href":"https:\/\/www.burgosdeporte.com\/index.php?rest_route=\/wp\/v2\/posts\/154104","targetHints":{"allow":["GET"]}}],"collection":[{"href":"https:\/\/www.burgosdeporte.com\/index.php?rest_route=\/wp\/v2\/posts"}],"about":[{"href":"https:\/\/www.burgosdeporte.com\/index.php?rest_route=\/wp\/v2\/types\/post"}],"author":[{"embeddable":true,"href":"https:\/\/www.burgosdeporte.com\/index.php?rest_route=\/wp\/v2\/users\/10"}],"replies":[{"embeddable":true,"href":"https:\/\/www.burgosdeporte.com\/index.php?rest_route=%2Fwp%2Fv2%2Fcomments&post=154104"}],"version-history":[{"count":1,"href":"https:\/\/www.burgosdeporte.com\/index.php?rest_route=\/wp\/v2\/posts\/154104\/revisions"}],"predecessor-version":[{"id":154106,"href":"https:\/\/www.burgosdeporte.com\/index.php?rest_route=\/wp\/v2\/posts\/154104\/revisions\/154106"}],"wp:featuredmedia":[{"embeddable":true,"href":"https:\/\/www.burgosdeporte.com\/index.php?rest_route=\/wp\/v2\/media\/154105"}],"wp:attachment":[{"href":"https:\/\/www.burgosdeporte.com\/index.php?rest_route=%2Fwp%2Fv2%2Fmedia&parent=154104"}],"wp:term":[{"taxonomy":"category","embeddable":true,"href":"https:\/\/www.burgosdeporte.com\/index.php?rest_route=%2Fwp%2Fv2%2Fcategories&post=154104"},{"taxonomy":"post_tag","embeddable":true,"href":"https:\/\/www.burgosdeporte.com\/index.php?rest_route=%2Fwp%2Fv2%2Ftags&post=154104"}],"curies":[{"name":"wp","href":"https:\/\/api.w.org\/{rel}","templated":true}]}}