{"id":154098,"date":"2026-04-27T17:49:29","date_gmt":"2026-04-27T15:49:29","guid":{"rendered":"https:\/\/www.burgosdeporte.com\/?p=154098"},"modified":"2026-04-29T13:31:55","modified_gmt":"2026-04-29T11:31:55","slug":"comienza-la-cuenta-atras-esta-noche-en-tiempo-extra-2300-h","status":"publish","type":"post","link":"https:\/\/www.burgosdeporte.com\/?p=154098","title":{"rendered":"Tiempo Extra #143 | Comienza la cuenta atr\u00e1s"},"content":{"rendered":"\n<h2 class=\"wp-block-heading\">El programa analiza la actualidad del Burgos CF y se emite a las 23,00 h. en el canal YouTube de Burgosdeporte. Tambi\u00e9n en Ivoox y Spotify.<\/h2>\n\n\n\n<p>El Burgos CF sum\u00f3 un punto importante en casa ante el Deportivo de la Coru\u00f1a que le permite seguir aferrado a ese grupo que lucha por una plaza en el play-off de ascenso. Un resultado que permite encarar la recta final de temporada con todo por decidir, en una liga en la que cada partido que resta es ya una final.<\/p>\n\n\n\n<p>Para este programa de Tiempo Extra hablamos de los siguientes temas:<\/p>\n\n\n\n<ul class=\"wp-block-list\">\n<li>An\u00e1lisis del Burgos CF \u2013 RC Deportivo.<\/li>\n\n\n\n<li>\u00bfSe descarta el ascenso directo?<\/li>\n\n\n\n<li>\u00bfEst\u00e1n I\u00f1igo C\u00f3rdoba y David Gonz\u00e1lez con la \u201cgasolina\u201d justa?<\/li>\n\n\n\n<li>La expulsi\u00f3n de Mario Gonz\u00e1lez.<\/li>\n\n\n\n<li>\u00bfDebe el club realizar m\u00e1s actos de minuto de silencio en los partidos?<\/li>\n\n\n\n<li>El Burgos Promesas y el Juvenil de Divisi\u00f3n de Honor descienden de categor\u00eda.<\/li>\n\n\n\n<li>La brutal agresi\u00f3n de Andrada en el Huesca \u2013 Real Zaragoza<\/li>\n<\/ul>\n\n\n\n<p>Para ello contamos el entrenador F\u00e9lix Arn\u00e1iz Lucas, el creador de contenido Diego Arce, de Burgoleros TV; y el analista y aficionado del Burgos CF, Adri\u00e1n Arce. Con la presentaci\u00f3n de Julio C\u00e9sar Rico.<\/p>\n\n\n\n<p>Una vez terminado el programa, tambi\u00e9n estar\u00e1 disponible a modo de podcast en Ivoox y Spotify.<\/p>\n\n\n\n<iframe data-testid=\"embed-iframe\" style=\"border-radius:12px\" src=\"https:\/\/open.spotify.com\/embed\/episode\/6DKuF2IYuheSFqe4W15BzO?utm_source=generator\" width=\"100%\" height=\"152\" frameBorder=\"0\" allowfullscreen=\"\" allow=\"autoplay; clipboard-write; encrypted-media; fullscreen; picture-in-picture\" loading=\"lazy\"><\/iframe>\n\n\n\n<iframe src=\"https:\/\/www.ivoox.com\/player_ej_172647104_6_1.html?c1=1e4a52\" width=\"100%\" height=\"200\" frameborder=\"0\" allowfullscreen=\"\" scrolling=\"no\" loading=\"lazy\"><\/iframe>\n\n\n\n<figure class=\"wp-block-embed is-type-video is-provider-youtube wp-block-embed-youtube wp-embed-aspect-4-3 wp-has-aspect-ratio\"><div class=\"wp-block-embed__wrapper\">\n<div class=\"youtube-embed\" data-video_id=\"KDM2LO8S_KQ\"><iframe loading=\"lazy\" title=\"Tiempo Extra #143 | Comienza la cuenta atr\u00e1s (27-04-2026)\" width=\"696\" height=\"522\" src=\"https:\/\/www.youtube.com\/embed\/KDM2LO8S_KQ?feature=oembed&#038;enablejsapi=1\" frameborder=\"0\" allow=\"accelerometer; autoplay; clipboard-write; encrypted-media; gyroscope; picture-in-picture; web-share\" referrerpolicy=\"strict-origin-when-cross-origin\" allowfullscreen><\/iframe><\/div>\n<\/div><\/figure>\n","protected":false},"excerpt":{"rendered":"<p>El programa analiza la actualidad del Burgos CF y se emite a las 23,00 h. en el canal YouTube de Burgosdeporte. Tambi\u00e9n en Ivoox y Spotify. El Burgos CF sum\u00f3 un punto importante en casa ante el Deportivo de la Coru\u00f1a que le permite seguir aferrado a ese grupo que lucha por una plaza en [&hellip;]<\/p>\n","protected":false},"author":10,"featured_media":154099,"comment_status":"closed","ping_status":"closed","sticky":false,"template":"","format":"standard","meta":{"_monsterinsights_skip_tracking":false,"_monsterinsights_sitenote_active":false,"_monsterinsights_sitenote_note":"","_monsterinsights_sitenote_category":0,"footnotes":""},"categories":[4],"tags":[1553,29,32,38],"class_list":{"0":"post-154098","1":"post","2":"type-post","3":"status-publish","4":"format-standard","5":"has-post-thumbnail","7":"category-futbol","8":"tag-actualidad-2","9":"tag-burgoscf","10":"tag-futbol","11":"tag-tiempoextra"},"views":80,"_links":{"self":[{"href":"https:\/\/www.burgosdeporte.com\/index.php?rest_route=\/wp\/v2\/posts\/154098","targetHints":{"allow":["GET"]}}],"collection":[{"href":"https:\/\/www.burgosdeporte.com\/index.php?rest_route=\/wp\/v2\/posts"}],"about":[{"href":"https:\/\/www.burgosdeporte.com\/index.php?rest_route=\/wp\/v2\/types\/post"}],"author":[{"embeddable":true,"href":"https:\/\/www.burgosdeporte.com\/index.php?rest_route=\/wp\/v2\/users\/10"}],"replies":[{"embeddable":true,"href":"https:\/\/www.burgosdeporte.com\/index.php?rest_route=%2Fwp%2Fv2%2Fcomments&post=154098"}],"version-history":[{"count":3,"href":"https:\/\/www.burgosdeporte.com\/index.php?rest_route=\/wp\/v2\/posts\/154098\/revisions"}],"predecessor-version":[{"id":154103,"href":"https:\/\/www.burgosdeporte.com\/index.php?rest_route=\/wp\/v2\/posts\/154098\/revisions\/154103"}],"wp:featuredmedia":[{"embeddable":true,"href":"https:\/\/www.burgosdeporte.com\/index.php?rest_route=\/wp\/v2\/media\/154099"}],"wp:attachment":[{"href":"https:\/\/www.burgosdeporte.com\/index.php?rest_route=%2Fwp%2Fv2%2Fmedia&parent=154098"}],"wp:term":[{"taxonomy":"category","embeddable":true,"href":"https:\/\/www.burgosdeporte.com\/index.php?rest_route=%2Fwp%2Fv2%2Fcategories&post=154098"},{"taxonomy":"post_tag","embeddable":true,"href":"https:\/\/www.burgosdeporte.com\/index.php?rest_route=%2Fwp%2Fv2%2Ftags&post=154098"}],"curies":[{"name":"wp","href":"https:\/\/api.w.org\/{rel}","templated":true}]}}