{"id":154089,"date":"2026-04-27T13:58:20","date_gmt":"2026-04-27T11:58:20","guid":{"rendered":"https:\/\/www.burgosdeporte.com\/?p=154089"},"modified":"2026-04-28T14:17:17","modified_gmt":"2026-04-28T12:17:17","slug":"el-territorio-obarenes-protagoniza-la-tercera-etapa-de-la-xi-vuelta-a-burgos-feminas","status":"publish","type":"post","link":"https:\/\/www.burgosdeporte.com\/?p=154089","title":{"rendered":"El \u201cTerritorio Obarenes\u201d protagoniza la tercera etapa de la XI Vuelta a Burgos F\u00e9minas"},"content":{"rendered":"\n<p><strong><em>La tercera jornada llegar\u00e1 el s\u00e1bado 23 de mayo y recorrer\u00e1 126 kil\u00f3metros entre Busto de Bureba y Medina de Pomar bajo el nombre de \u201cTerritorio Obarenes\u201d<\/em><\/strong><\/p>\n\n\n\n<p class=\"has-text-align-right\">(<em>Fotograf\u00eda: Vuelta a Burgos F\u00e9minas<\/em>)<\/p>\n\n\n<div class=\"wp-block-image\">\n<figure class=\"aligncenter size-full is-resized\"><a href=\"https:\/\/www.tandemgyd.com\/\" target=\"_blank\" rel=\" noreferrer noopener\"><img loading=\"lazy\" decoding=\"async\" width=\"750\" height=\"265\" src=\"https:\/\/www.burgosdeporte.com\/wp-content\/uploads\/2025\/09\/tandem750x265.fw_.png\" alt=\"\" class=\"wp-image-144121\" style=\"aspect-ratio:2.8302401385284846;width:436px;height:auto\" srcset=\"https:\/\/www.burgosdeporte.com\/wp-content\/uploads\/2025\/09\/tandem750x265.fw_.png 750w, https:\/\/www.burgosdeporte.com\/wp-content\/uploads\/2025\/09\/tandem750x265.fw_-300x106.png 300w, https:\/\/www.burgosdeporte.com\/wp-content\/uploads\/2025\/09\/tandem750x265.fw_-150x53.png 150w, https:\/\/www.burgosdeporte.com\/wp-content\/uploads\/2025\/09\/tandem750x265.fw_-696x246.png 696w\" sizes=\"auto, (max-width: 750px) 100vw, 750px\" \/><\/a><\/figure>\n<\/div>\n\n\n<p>La XI Vuelta a Burgos F\u00e9minas, prueba de categor\u00eda World Tour, m\u00e1xima referencia del ciclismo internacional femenino, afrontar\u00e1 el s\u00e1bado 23 de mayo de 2026 su tercera etapa con una jornada de 126 kil\u00f3metros entre Busto de Bureba y Medina de Pomar. Bajo la denominaci\u00f3n de \u201cTerritorio Obarenes\u201d, el pelot\u00f3n se adentrar\u00e1 en una de las zonas con mayor riqueza paisaj\u00edstica y patrimonial de la provincia, donde se combinan espacios naturales, historia y un gran atractivo para el turismo activo.<\/p>\n\n\n\n<p>La salida estar\u00e1 situada en Busto de Bureba, desde donde las corredoras se dirigir\u00e1n hacia Miraveche y Cascajares de Bureba antes de afrontar la primera dificultad monta\u00f1osa del d\u00eda, el Alto del Portillo de Busto, puntuable de tercera categor\u00eda. Un ascenso de 3,5 kil\u00f3metros al 5,6 por ciento de pendiente media que servir\u00e1 para seleccionar el grupo y marcar el ritmo desde los primeros compases.<\/p>\n\n\n\n<p>Tras coronar, la carrera continuar\u00e1 por La Aldea del Portillo de Busto y Ranera para alcanzar Tobera, uno de los enclaves m\u00e1s singulares de la provincia, conocido por sus cascadas y la ermita de Santa Mar\u00eda de la Hoz. Poco despu\u00e9s llegar\u00e1 el paso por Fr\u00edas, referencia monumental del norte burgal\u00e9s gracias a su castillo y su silueta medieval.<\/p>\n\n\n\n<p>La etapa seguir\u00e1 por Cormenzana, La Orden, Pedrosa de Tobalina, B\u00f3veda de la Ribera y Quintanilla de Pienza antes de alcanzar Medina de Pomar en un primer paso por meta. Desde all\u00ed comenzar\u00e1 el tramo decisivo de la jornada con direcci\u00f3n a Villarcayo y Bocos, punto de inicio del Alto de Bocos, ascensi\u00f3n de tercera categor\u00eda que deber\u00e1 superarse en dos ocasiones.<\/p>\n\n\n\n<p>El Alto de Bocos presenta 2,8 kil\u00f3metros de subida con una pendiente media del 6,4 por ciento, con rampas m\u00e1s exigentes en su primera mitad. Su doble paso puede resultar determinante para las aspirantes a la clasificaci\u00f3n general, especialmente en la segunda ascensi\u00f3n, ya dentro del desenlace de etapa.<\/p>\n\n\n\n<p>Despu\u00e9s de coronar por primera vez, las corredoras enlazar\u00e1n Gayangos, B\u00e1rcena de Pienza, Quintanilla de Pienza y C\u00e9spedes antes de regresar al pie del puerto para una segunda subida al Alto de Bocos. Tras coronar de nuevo, el descenso conducir\u00e1 al pelot\u00f3n hacia Gayangos, B\u00e1rcena de Pienza, Quintanilla de Pienza y la llegada final en Medina de Pomar.<\/p>\n\n\n\n<p>La combinaci\u00f3n de terreno quebrado, doble paso monta\u00f1oso y final tras descenso convierte esta tercera etapa en una jornada abierta a movimientos t\u00e1cticos y ataques lejanos, llamada a jugar un papel importante en la resoluci\u00f3n de la Vuelta a Burgos F\u00e9minas 2026.<\/p>\n","protected":false},"excerpt":{"rendered":"<p>La tercera jornada llegar\u00e1 el s\u00e1bado 23 de mayo y recorrer\u00e1 126 kil\u00f3metros entre Busto de Bureba y Medina de Pomar bajo el nombre de \u201cTerritorio Obarenes\u201d (Fotograf\u00eda: Vuelta a Burgos F\u00e9minas) La XI Vuelta a Burgos F\u00e9minas, prueba de categor\u00eda World Tour, m\u00e1xima referencia del ciclismo internacional femenino, afrontar\u00e1 el s\u00e1bado 23 de mayo [&hellip;]<\/p>\n","protected":false},"author":10,"featured_media":154090,"comment_status":"closed","ping_status":"closed","sticky":false,"template":"","format":"standard","meta":{"_monsterinsights_skip_tracking":false,"_monsterinsights_sitenote_active":false,"_monsterinsights_sitenote_note":"","_monsterinsights_sitenote_category":0,"footnotes":""},"categories":[63],"tags":[1553,64,531],"class_list":{"0":"post-154089","1":"post","2":"type-post","3":"status-publish","4":"format-standard","5":"has-post-thumbnail","7":"category-ciclismo","8":"tag-actualidad-2","9":"tag-ciclismo","10":"tag-vueltaaburgosfeminas"},"views":32,"_links":{"self":[{"href":"https:\/\/www.burgosdeporte.com\/index.php?rest_route=\/wp\/v2\/posts\/154089","targetHints":{"allow":["GET"]}}],"collection":[{"href":"https:\/\/www.burgosdeporte.com\/index.php?rest_route=\/wp\/v2\/posts"}],"about":[{"href":"https:\/\/www.burgosdeporte.com\/index.php?rest_route=\/wp\/v2\/types\/post"}],"author":[{"embeddable":true,"href":"https:\/\/www.burgosdeporte.com\/index.php?rest_route=\/wp\/v2\/users\/10"}],"replies":[{"embeddable":true,"href":"https:\/\/www.burgosdeporte.com\/index.php?rest_route=%2Fwp%2Fv2%2Fcomments&post=154089"}],"version-history":[{"count":2,"href":"https:\/\/www.burgosdeporte.com\/index.php?rest_route=\/wp\/v2\/posts\/154089\/revisions"}],"predecessor-version":[{"id":154092,"href":"https:\/\/www.burgosdeporte.com\/index.php?rest_route=\/wp\/v2\/posts\/154089\/revisions\/154092"}],"wp:featuredmedia":[{"embeddable":true,"href":"https:\/\/www.burgosdeporte.com\/index.php?rest_route=\/wp\/v2\/media\/154090"}],"wp:attachment":[{"href":"https:\/\/www.burgosdeporte.com\/index.php?rest_route=%2Fwp%2Fv2%2Fmedia&parent=154089"}],"wp:term":[{"taxonomy":"category","embeddable":true,"href":"https:\/\/www.burgosdeporte.com\/index.php?rest_route=%2Fwp%2Fv2%2Fcategories&post=154089"},{"taxonomy":"post_tag","embeddable":true,"href":"https:\/\/www.burgosdeporte.com\/index.php?rest_route=%2Fwp%2Fv2%2Ftags&post=154089"}],"curies":[{"name":"wp","href":"https:\/\/api.w.org\/{rel}","templated":true}]}}