{"id":153983,"date":"2026-04-26T11:28:43","date_gmt":"2026-04-26T09:28:43","guid":{"rendered":"https:\/\/www.burgosdeporte.com\/?p=153983"},"modified":"2026-04-27T14:15:11","modified_gmt":"2026-04-27T12:15:11","slug":"fallece-un-corredor-de-62-anos-en-la-marcha-senderista-munalba-trail","status":"publish","type":"post","link":"https:\/\/www.burgosdeporte.com\/?p=153983","title":{"rendered":"Fallece un corredor de 62 a\u00f1os en la marcha senderista Mu\u00f1alba Trail"},"content":{"rendered":"\n<h2 class=\"wp-block-heading\">La prueba se desarrolla en la localidad burgalesa de Regumiel de la Sierra y ha quedado suspendida tras este luctuoso suceso. <\/h2>\n\n\n\n<p>El deporte burgal\u00e9s se ha te\u00f1ido de luto tras el fallecimiento de un corredor en la VI edici\u00f3n de la marcha senderista de la Mu\u00f1alba Trail en la localidad burgalesa de Regumiel de la Sierra.<\/p>\n\n\n\n<p>El atleta de 62 a\u00f1os de edad ha fallecido tras sentirse indispuesto mientras disputaba la prueba corta de 12 kil\u00f3metros de distancia.<\/p>\n\n\n\n<p>Este suceso ha provocado la suspensi\u00f3n de la carrera y la cancelaci\u00f3n de la prueba m\u00e1s larga de 23 kil\u00f3metros prevista para este domingo.<\/p>\n\n\n\n<p>Adem\u00e1s, la organizaci\u00f3n del evento ha emitido un comunicado que reproducimos a continuaci\u00f3n:<\/p>\n\n\n\n<p><em>\u00abDesde la organizaci\u00f3n del Mu\u00f1alba Trail lamentamos profundamente comunicar que la prueba prevista para este domingo queda suspendida. En el d\u00eda de hoy, durante la celebraci\u00f3n de la distancia corta, se ha producido el fallecimiento de uno de los corredores. Este tr\u00e1gico suceso nos ha dejado profundamente consternados.<\/em><\/p>\n\n\n\n<p><em>En estos momentos, toda nuestra atenci\u00f3n y apoyo est\u00e1n con la familia, amigos y allegados del deportista. Queremos trasladarles nuestro m\u00e1s sincero p\u00e9same y todo nuestro cari\u00f1o. Y por respeto a lo ocurrido y a las personas afectadas, hemos tomado la decisi\u00f3n de suspender la jornada del domingo.<\/em><\/p>\n\n\n\n<p><em>Desde la Organizaci\u00f3n del Mu\u00f1alba Trail y el Ayuntamiento de Regumiel de la Sierra, queremos rendir un sentido homenaje al corredor fallecido. Nos reuniremos este domingo 26 de abril a las 12.30 horas en la Plaza del Ayuntamiento. Agradecemos vuestra presencia\u00bb.<\/em><\/p>\n","protected":false},"excerpt":{"rendered":"<p>La prueba se desarrolla en la localidad burgalesa de Regumiel de la Sierra y ha quedado suspendida tras este luctuoso suceso. El deporte burgal\u00e9s se ha te\u00f1ido de luto tras el fallecimiento de un corredor en la VI edici\u00f3n de la marcha senderista de la Mu\u00f1alba Trail en la localidad burgalesa de Regumiel de la [&hellip;]<\/p>\n","protected":false},"author":9,"featured_media":153984,"comment_status":"closed","ping_status":"closed","sticky":false,"template":"","format":"standard","meta":{"_monsterinsights_skip_tracking":false,"_monsterinsights_sitenote_active":false,"_monsterinsights_sitenote_note":"","_monsterinsights_sitenote_category":0,"footnotes":""},"categories":[173,24],"tags":[1553,291,175],"class_list":{"0":"post-153983","1":"post","2":"type-post","3":"status-publish","4":"format-standard","5":"has-post-thumbnail","7":"category-montana","8":"category-atletismo","9":"tag-actualidad-2","10":"tag-munalbatrail","11":"tag-regumieldelasierra"},"views":126,"_links":{"self":[{"href":"https:\/\/www.burgosdeporte.com\/index.php?rest_route=\/wp\/v2\/posts\/153983","targetHints":{"allow":["GET"]}}],"collection":[{"href":"https:\/\/www.burgosdeporte.com\/index.php?rest_route=\/wp\/v2\/posts"}],"about":[{"href":"https:\/\/www.burgosdeporte.com\/index.php?rest_route=\/wp\/v2\/types\/post"}],"author":[{"embeddable":true,"href":"https:\/\/www.burgosdeporte.com\/index.php?rest_route=\/wp\/v2\/users\/9"}],"replies":[{"embeddable":true,"href":"https:\/\/www.burgosdeporte.com\/index.php?rest_route=%2Fwp%2Fv2%2Fcomments&post=153983"}],"version-history":[{"count":1,"href":"https:\/\/www.burgosdeporte.com\/index.php?rest_route=\/wp\/v2\/posts\/153983\/revisions"}],"predecessor-version":[{"id":153985,"href":"https:\/\/www.burgosdeporte.com\/index.php?rest_route=\/wp\/v2\/posts\/153983\/revisions\/153985"}],"wp:featuredmedia":[{"embeddable":true,"href":"https:\/\/www.burgosdeporte.com\/index.php?rest_route=\/wp\/v2\/media\/153984"}],"wp:attachment":[{"href":"https:\/\/www.burgosdeporte.com\/index.php?rest_route=%2Fwp%2Fv2%2Fmedia&parent=153983"}],"wp:term":[{"taxonomy":"category","embeddable":true,"href":"https:\/\/www.burgosdeporte.com\/index.php?rest_route=%2Fwp%2Fv2%2Fcategories&post=153983"},{"taxonomy":"post_tag","embeddable":true,"href":"https:\/\/www.burgosdeporte.com\/index.php?rest_route=%2Fwp%2Fv2%2Ftags&post=153983"}],"curies":[{"name":"wp","href":"https:\/\/api.w.org\/{rel}","templated":true}]}}