{"id":153978,"date":"2026-04-26T01:01:37","date_gmt":"2026-04-25T23:01:37","guid":{"rendered":"https:\/\/www.burgosdeporte.com\/?p=153978"},"modified":"2026-04-27T14:15:17","modified_gmt":"2026-04-27T12:15:17","slug":"ramis-nos-podiamos-haber-llevado-el-partido","status":"publish","type":"post","link":"https:\/\/www.burgosdeporte.com\/?p=153978","title":{"rendered":"Ramis: \u00abNos pod\u00edamos haber llevado el partido.\u00bb"},"content":{"rendered":"\n<h2 class=\"wp-block-heading\"><strong>El entrenador del Burgos, Luis Miguel Ramis, valora el punto conseguido por su equipo en El Plant\u00edo ante el Deportivo de la Coru\u00f1a.<\/strong> <\/h2>\n\n\n<div class=\"wp-block-image\">\n<figure class=\"aligncenter size-full\"><img loading=\"lazy\" decoding=\"async\" width=\"300\" height=\"250\" src=\"https:\/\/www.burgosdeporte.com\/wp-content\/uploads\/2026\/04\/300x250_RenewDays_Abril2026.gif\" alt=\"\" class=\"wp-image-153147\"\/><\/figure>\n<\/div>\n\n\n<p>Declaraciones del entrenador del Burgos, Luis Miguel Ramis, tras el empate de su equipo en El Plant\u00edo ante el Deportivo de la Coru\u00f1a:<\/p>\n\n\n\n<p> <strong>BUEN TRABAJO <\/strong><\/p>\n\n\n\n<p><em>\u201cQue un equipo con el potencial del\u00a0Deportivo, salvo el gol y ese tiro final desde fuera del \u00e1rea, no te genera situaciones gol habla muy bien del trabajo del equipo y la sensaci\u00f3n que tengo es que el partido futbol\u00edsticamente en ocasiones ha sido totalmente nuestro. Recuerdo, dos cabezazos de Fer, uno en cada tiempo, la de Mollejo, la de Atienza que la saca un defensa\u00bb. <\/em><\/p>\n\n\n\n<p><strong>EL PARTIDO<\/strong><\/p>\n\n\n\n<p><em>\u00abMe parece que hemos hecho un partido muy bueno,\u00a0mejor en la segunda mitad con el bal\u00f3n, defensivamente no hemos dejado que sus jugadores m\u00e1s desequilibrantes nos hicieran da\u00f1o, hemos sido agresivos en los duelos, con muchas ayudas. Estoy contento con el trabajo del equipo y han plasmado en el campo lo que ped\u00eda el partido\u201d.<\/em><\/p>\n\n\n\n<p><strong>LA AFICI\u00d3N<\/strong><\/p>\n\n\n\n<p><em>\u201cEl apoyo de la gente ha sido fundamental. Ese empuje de la segunda parte hace que el rival se refugie mucho m\u00e1s y que nosotros podamos tener ese aliento hasta el final, hasta la \u00faltima jugada en la que Mollejo ha tenido ese palo la ocasi\u00f3n para ganar el partido.\u00a0Estamos jugando con un equipo que estaba en ascenso directo\u00a0y con un potencial monumental y el partido ha sido nuestro.\u00bb<\/em><\/p>\n\n\n\n<p><strong>MERECIMIENTOS<\/strong><\/p>\n\n\n\n<p><em>\u00a0\u201cEl punto me sabe a poco. Un punto ante un equipo en ascenso directo no es malo. La trayectoria en cuanto a puntos es buena y en cuanto a sensaciones tambi\u00e9n, pero creo que con un poco m\u00e1s de suerte o acierto, nos pod\u00edamos haber llevado el partido.\u00bb<\/em><\/p>\n\n\n\n<p><strong>EL \u00c1RBITRO<\/strong><\/p>\n\n\n\n<p><em>\u00abEl penalti lo he visto claro y hay una acci\u00f3n de Yeremay que es muy clara.\u00a0No me gusta que expulsen a jugadores, pero la acci\u00f3n es revisable y no tiene explicaci\u00f3n. Esas cosas decantan los partidos. El \u00e1rbitro puede que no lo vea, pero desde arriba es imposible que no lo vean. Esas cosas en estos partidos tan ajustados son muy importantes. El \u00e1rbitro ha estado perdido en la toma de decisiones, algo nervioso como nos puede pasar a todos porque el partido es de mucha tensi\u00f3n\u201d.<\/em><\/p>\n\n\n\n<p><strong>SUE\u00d1OS ENCONTRADOS<\/strong><\/p>\n\n\n\n<p><em>\u201cEl Depor es un equipo de los grandes de este pa\u00eds. Yo lo he vivido desde dentro y volver\u00e1 a estar con los mejores porque su afici\u00f3n as\u00ed se lo exige.\u00a0Nosotros estamos compitiendo con equipos grandes y eso significa que tenemos comportamientos de equipo grande, porque estar compitiendo a estas alturas entre los seis primeros con poca diferencia de puntos, habla del trabajo que est\u00e1n haciendo los jugadores. Estamos en un nivel muy alto y me daba la sensaci\u00f3n de que ellos quer\u00edan que acabara el partido lo antes posible. Ojal\u00e1 seamos los dos equipos de Primera Divisi\u00f3n la pr\u00f3xima temporada\u201d.<\/em><\/p>\n","protected":false},"excerpt":{"rendered":"<p>El entrenador del Burgos, Luis Miguel Ramis, valora el punto conseguido por su equipo en El Plant\u00edo ante el Deportivo de la Coru\u00f1a. Declaraciones del entrenador del Burgos, Luis Miguel Ramis, tras el empate de su equipo en El Plant\u00edo ante el Deportivo de la Coru\u00f1a: BUEN TRABAJO \u201cQue un equipo con el potencial del\u00a0Deportivo, [&hellip;]<\/p>\n","protected":false},"author":10,"featured_media":153979,"comment_status":"closed","ping_status":"closed","sticky":false,"template":"","format":"standard","meta":{"_monsterinsights_skip_tracking":false,"_monsterinsights_sitenote_active":false,"_monsterinsights_sitenote_note":"","_monsterinsights_sitenote_category":0,"footnotes":""},"categories":[4],"tags":[1553,29,2217],"class_list":{"0":"post-153978","1":"post","2":"type-post","3":"status-publish","4":"format-standard","5":"has-post-thumbnail","7":"category-futbol","8":"tag-actualidad-2","9":"tag-burgoscf","10":"tag-luismiguelramis"},"views":79,"_links":{"self":[{"href":"https:\/\/www.burgosdeporte.com\/index.php?rest_route=\/wp\/v2\/posts\/153978","targetHints":{"allow":["GET"]}}],"collection":[{"href":"https:\/\/www.burgosdeporte.com\/index.php?rest_route=\/wp\/v2\/posts"}],"about":[{"href":"https:\/\/www.burgosdeporte.com\/index.php?rest_route=\/wp\/v2\/types\/post"}],"author":[{"embeddable":true,"href":"https:\/\/www.burgosdeporte.com\/index.php?rest_route=\/wp\/v2\/users\/10"}],"replies":[{"embeddable":true,"href":"https:\/\/www.burgosdeporte.com\/index.php?rest_route=%2Fwp%2Fv2%2Fcomments&post=153978"}],"version-history":[{"count":2,"href":"https:\/\/www.burgosdeporte.com\/index.php?rest_route=\/wp\/v2\/posts\/153978\/revisions"}],"predecessor-version":[{"id":153981,"href":"https:\/\/www.burgosdeporte.com\/index.php?rest_route=\/wp\/v2\/posts\/153978\/revisions\/153981"}],"wp:featuredmedia":[{"embeddable":true,"href":"https:\/\/www.burgosdeporte.com\/index.php?rest_route=\/wp\/v2\/media\/153979"}],"wp:attachment":[{"href":"https:\/\/www.burgosdeporte.com\/index.php?rest_route=%2Fwp%2Fv2%2Fmedia&parent=153978"}],"wp:term":[{"taxonomy":"category","embeddable":true,"href":"https:\/\/www.burgosdeporte.com\/index.php?rest_route=%2Fwp%2Fv2%2Fcategories&post=153978"},{"taxonomy":"post_tag","embeddable":true,"href":"https:\/\/www.burgosdeporte.com\/index.php?rest_route=%2Fwp%2Fv2%2Ftags&post=153978"}],"curies":[{"name":"wp","href":"https:\/\/api.w.org\/{rel}","templated":true}]}}