{"id":153960,"date":"2026-04-25T23:17:27","date_gmt":"2026-04-25T21:17:27","guid":{"rendered":"https:\/\/www.burgosdeporte.com\/?p=153960"},"modified":"2026-04-26T23:30:34","modified_gmt":"2026-04-26T21:30:34","slug":"tizona-busca-la-salvacion-en-melilla","status":"publish","type":"post","link":"https:\/\/www.burgosdeporte.com\/?p=153960","title":{"rendered":"Tizona busca la salvaci\u00f3n en Melilla"},"content":{"rendered":"\n<h2 class=\"wp-block-heading\">El partido se juega este domingo desde las 20,00 h. y el resultado decantar\u00e1 en gran medida las opciones de salvaci\u00f3n del cuadro burgal\u00e9s.<\/h2>\n\n\n<div class=\"wp-block-image\">\n<figure class=\"aligncenter size-full\"><img loading=\"lazy\" decoding=\"async\" width=\"300\" height=\"250\" src=\"https:\/\/www.burgosdeporte.com\/wp-content\/uploads\/2026\/03\/BURGOS-DEPORTE-300X250.png\" alt=\"\" class=\"wp-image-152489\" srcset=\"https:\/\/www.burgosdeporte.com\/wp-content\/uploads\/2026\/03\/BURGOS-DEPORTE-300X250.png 300w, https:\/\/www.burgosdeporte.com\/wp-content\/uploads\/2026\/03\/BURGOS-DEPORTE-300X250-150x125.png 150w\" sizes=\"auto, (max-width: 300px) 100vw, 300px\" \/><\/figure>\n<\/div>\n\n\n<p>Casi sin tiempo para deleitarse con la victoria obtenida el pasado martes ante Monbus Obradoiro, el Grupo Ureta Tizona retoma la competici\u00f3n liguera con la visita a Melilla, donde este domingo a las 20,00 h. horas se medir\u00e1 en el Javier Imbroda al Melilla Ciudad del Deporte. A falta de tres jornadas para la conclusi\u00f3n de la temporada regular de la Primera FEB, el encuentro del fin de semana se antoja como una final anticipada, y es que la salvaci\u00f3n estar\u00eda muy encarrilada para los castellanos en caso de obtener el segundo triunfo consecutivo.\u00a0<\/p>\n\n\n\n<p>Ante el esfuerzo realizado contra el cuadro gallego, donde Tizona requiri\u00f3 de una pr\u00f3rroga para sellar la s\u00e9ptima victoria del curso, Den\u00eds ha valorado el estado de \u00e1nimo de la plantilla: \u201cEstamos con mucha alegr\u00eda despu\u00e9s de la victoria, pero ya estamos con la mirada puesta en el fin de semana. Tenemos que hacer las cosas bien en estos d\u00edas de preparaci\u00f3n para llegar en el mejor estado posible\u201d.&nbsp;<\/p>\n\n\n\n<p>Con la ya conocida baja de Totte por lo que resta de temporada, Den\u00eds podr\u00e1 contar con el resto de sus efectivos para el choque ante los de Rafa Sanz. En el compromiso intersemanal, Chris Czerapowicz hizo saltar las alarmas por un golpe recibido en la cadera, pero que no le ha impedido trabajar con normalidad desde entonces. \u201cAhora mismo tiene que haber algo muy grave para que alguien se quede fuera por un golpe\u201d.&nbsp;<\/p>\n\n\n\n<p><strong>Melilla Baloncesto, un equipo con aires renovados<\/strong>&nbsp;<\/p>\n\n\n\n<p>Grupo Ureta Tizona y Melilla Ciudad del Deporte vuelven a verse las caras siete meses despu\u00e9s.&nbsp;Aquel 26 de septiembre, los burgaleses sellaron el triunfo con un contundente 106 a 91. Era la&nbsp;jornada&nbsp;inaugural, que marcaba&nbsp;la vuelta&nbsp;de los melillenses a la categor\u00eda de plata, y desde entonces el rumbo ha sido muy diferente.&nbsp;Durante la primera vuelta, el cuadro de la ciudad aut\u00f3noma&nbsp;se estanc\u00f3 en la \u00faltima posici\u00f3n de la tabla clasificatoria, con un balance de 2-15, 8 de ellas de manera consecutiva.&nbsp;Ese n\u00famero lleg\u00f3 hasta once, cuando&nbsp;regresaron a la senda del triunfo y&nbsp;se impusieron al Grupo Alega Cantabria por 83 a 77.&nbsp;&nbsp;<\/p>\n\n\n\n<p>A lo largo del a\u00f1o, la plantilla ha sufrido numerosas modificaciones, tanto en el banquillo como en los jugadores.&nbsp;La tendencia ahora es positiva, con el equipo peleando por salir de las posiciones de descenso y con una racha de tres victorias consecutivas que se vio cortada el pasado mi\u00e9rcoles en su visita a Movistar Estudiantes.&nbsp;<\/p>\n\n\n\n<p>Sobre los anfitriones, el preparador gallego ha destacado la forma en la que el equipo lleva compitiendo en los \u00faltimos meses: \u201cEmpezaron a cambiar con la llegada de Rafa, con su estilo de juego r\u00e1pido y agresivo. El cambio de cromos&nbsp;hace que compitan como un gran equipo. En todos los partidos est\u00e1n compitiendo hasta el final y en casa muestran un nivel por encima de lo habitual. Ellos son capaces de provocar muchos desajustes y de generar espacios muy grandes a sus&nbsp;manejadores\u201d.&nbsp;<\/p>\n","protected":false},"excerpt":{"rendered":"<p>El partido se juega este domingo desde las 20,00 h. y el resultado decantar\u00e1 en gran medida las opciones de salvaci\u00f3n del cuadro burgal\u00e9s. Casi sin tiempo para deleitarse con la victoria obtenida el pasado martes ante Monbus Obradoiro, el Grupo Ureta Tizona retoma la competici\u00f3n liguera con la visita a Melilla, donde este domingo [&hellip;]<\/p>\n","protected":false},"author":10,"featured_media":150876,"comment_status":"closed","ping_status":"closed","sticky":false,"template":"","format":"standard","meta":{"_monsterinsights_skip_tracking":false,"_monsterinsights_sitenote_active":false,"_monsterinsights_sitenote_note":"","_monsterinsights_sitenote_category":0,"footnotes":""},"categories":[5],"tags":[26,740,66],"class_list":{"0":"post-153960","1":"post","2":"type-post","3":"status-publish","4":"format-standard","5":"has-post-thumbnail","7":"category-baloncesto","8":"tag-cbtizona","9":"tag-grupouretatizona","10":"tag-tizonaburgos"},"views":71,"_links":{"self":[{"href":"https:\/\/www.burgosdeporte.com\/index.php?rest_route=\/wp\/v2\/posts\/153960","targetHints":{"allow":["GET"]}}],"collection":[{"href":"https:\/\/www.burgosdeporte.com\/index.php?rest_route=\/wp\/v2\/posts"}],"about":[{"href":"https:\/\/www.burgosdeporte.com\/index.php?rest_route=\/wp\/v2\/types\/post"}],"author":[{"embeddable":true,"href":"https:\/\/www.burgosdeporte.com\/index.php?rest_route=\/wp\/v2\/users\/10"}],"replies":[{"embeddable":true,"href":"https:\/\/www.burgosdeporte.com\/index.php?rest_route=%2Fwp%2Fv2%2Fcomments&post=153960"}],"version-history":[{"count":2,"href":"https:\/\/www.burgosdeporte.com\/index.php?rest_route=\/wp\/v2\/posts\/153960\/revisions"}],"predecessor-version":[{"id":153992,"href":"https:\/\/www.burgosdeporte.com\/index.php?rest_route=\/wp\/v2\/posts\/153960\/revisions\/153992"}],"wp:featuredmedia":[{"embeddable":true,"href":"https:\/\/www.burgosdeporte.com\/index.php?rest_route=\/wp\/v2\/media\/150876"}],"wp:attachment":[{"href":"https:\/\/www.burgosdeporte.com\/index.php?rest_route=%2Fwp%2Fv2%2Fmedia&parent=153960"}],"wp:term":[{"taxonomy":"category","embeddable":true,"href":"https:\/\/www.burgosdeporte.com\/index.php?rest_route=%2Fwp%2Fv2%2Fcategories&post=153960"},{"taxonomy":"post_tag","embeddable":true,"href":"https:\/\/www.burgosdeporte.com\/index.php?rest_route=%2Fwp%2Fv2%2Ftags&post=153960"}],"curies":[{"name":"wp","href":"https:\/\/api.w.org\/{rel}","templated":true}]}}