{"id":153929,"date":"2026-04-25T09:56:44","date_gmt":"2026-04-25T07:56:44","guid":{"rendered":"https:\/\/www.burgosdeporte.com\/?p=153929"},"modified":"2026-04-25T09:56:47","modified_gmt":"2026-04-25T07:56:47","slug":"el-burgos-cf-busca-recuperar-su-puesto-de-playoff-ante-el-deportivo","status":"publish","type":"post","link":"https:\/\/www.burgosdeporte.com\/?p=153929","title":{"rendered":"El Burgos CF busca recuperar su puesto de playoff ante el Deportivo"},"content":{"rendered":"\n<h2 class=\"wp-block-heading\">Partido de m\u00e1xima exigencia e inter\u00e9s en El Plant\u00edo este s\u00e1bado (18,30 h) ante el Deportivo de la Coru\u00f1a. <\/h2>\n\n\n<div class=\"wp-block-image\">\n<figure class=\"aligncenter size-full is-resized\"><a href=\"https:\/\/elpollitopio.es\/\" target=\"_blank\" rel=\"noopener\"><img loading=\"lazy\" decoding=\"async\" width=\"1024\" height=\"307\" src=\"https:\/\/www.burgosdeporte.com\/wp-content\/uploads\/2025\/10\/image-1.png\" alt=\"\" class=\"wp-image-145683\" style=\"aspect-ratio:3.335645355850422;width:370px;height:auto\" srcset=\"https:\/\/www.burgosdeporte.com\/wp-content\/uploads\/2025\/10\/image-1.png 1024w, https:\/\/www.burgosdeporte.com\/wp-content\/uploads\/2025\/10\/image-1-300x90.png 300w, https:\/\/www.burgosdeporte.com\/wp-content\/uploads\/2025\/10\/image-1-768x230.png 768w, https:\/\/www.burgosdeporte.com\/wp-content\/uploads\/2025\/10\/image-1-150x45.png 150w, https:\/\/www.burgosdeporte.com\/wp-content\/uploads\/2025\/10\/image-1-696x209.png 696w\" sizes=\"auto, (max-width: 1024px) 100vw, 1024px\" \/><\/a><\/figure>\n<\/div>\n\n\n<p>El Plant\u00edo vivir\u00e1 este s\u00e1bado uno de los partidos m\u00e1s destacados de la temporada en la que se enfrentan dos rivales que buscan el objetivo del ascenso a Primera Divisi\u00f3n. El Burgos CF y el Deportivo de la Coru\u00f1a est\u00e1n realizando una buena temporada y llegan en un gran momento de forma a este encuentro. El conjunto blanquinegro es s\u00e9ptimo en la clasificaci\u00f3n( tras la victoria ayer del Eibar en Albacete) y buscar\u00e1 recuperar puesto de fase de ascenso para lo que necesita sumar puntos en este partido. Los castellanos cuentan con 60 puntos empatados con el M\u00e1laga y la UD Las Palmas. Por su parte el equipo gallego ocupa puesto de ascenso directo, segundo en la tabla, con 64 puntos, empatado con el Almer\u00eda que es tercero en la clasificaci\u00f3n. Los blanquiazules tambi\u00e9n necesitan sumar esta tarde para mantener su puesto de privilegio. En definitiva un partido de enorme atractivo e inter\u00e9s para los aficionados que llenar\u00e1n las gradas de El Plant\u00edo esta tarde de s\u00e1bado. <\/p>\n\n\n\n<p><strong><mark style=\"background-color:rgba(0, 0, 0, 0)\" class=\"has-inline-color has-vivid-red-color\">SIGUE EL PARTIDO EN DIRECTO POR BURGOS DEPORTE RADIO EN RETRANSMISI\u00d3N CONJUNTA CON RADIO ARLANZ\u00d3N Y BURGOSNOTICIAS<\/mark><\/strong><\/p>\n\n\n\n<figure class=\"wp-block-embed is-type-video is-provider-youtube wp-block-embed-youtube wp-embed-aspect-4-3 wp-has-aspect-ratio\"><div class=\"wp-block-embed__wrapper\">\n<div class=\"youtube-embed\" data-video_id=\"_LqdcOy79FA\"><iframe loading=\"lazy\" title=\"\ud83d\udd34 RADIO EN DIRECTO: Burgos CF - RC Deportivo | J.37 LaLiga Hypermotion 2025\/26\" width=\"696\" height=\"522\" src=\"https:\/\/www.youtube.com\/embed\/_LqdcOy79FA?feature=oembed&#038;enablejsapi=1\" frameborder=\"0\" allow=\"accelerometer; autoplay; clipboard-write; encrypted-media; gyroscope; picture-in-picture; web-share\" referrerpolicy=\"strict-origin-when-cross-origin\" allowfullscreen><\/iframe><\/div>\n<\/div><\/figure>\n\n\n\n<p><strong><mark style=\"background-color:rgba(0, 0, 0, 0)\" class=\"has-inline-color has-vivid-red-color\">RADIO ONLINE BURGOSDEPORTE SOLO AUDIO <\/mark><a href=\"https:\/\/www.burgosdeporte.com\/?p=111930\">AQU\u00cd<\/a><\/strong><\/p>\n\n\n\n<p><strong>BAJA DE ALEX LIZANCOS <\/strong><\/p>\n\n\n\n<p>Para este trascendental encuentro, el entrenador del Burgos, Luis Miguel Ramis, solo tiene una, pero importante, baja en el equipo. No podr\u00e1 con \u00c1lex Lizancos, lesionado en un tend\u00f3n en el encuentro de la pasada jornada en Castell\u00f3n. Su sustituto en este partido ser\u00e1 Aitor Bu\u00f1uel. El resto de jugadores est\u00e1n disponibles para aportar su juego esta tarde. <\/p>\n\n\n\n<p><strong>EL DEPORTIVO<\/strong><\/p>\n\n\n\n<p>El Deportivo de la Coru\u00f1a llega a este partido tras su victoria del pasado lunes ante el Mirand\u00e9s, no exenta de pol\u00e9mica, por algunas decisiones arbitrales que facilitaron el 3-1 a favor del equipo gallego. <\/p>\n\n\n\n<p>A su posici\u00f3n de ascenso directo ha llegado tras una brillante trayectoria. El equipo que entrena Antonio Hidalgo es el mejor visitante de la categor\u00eda con 9 victorias, 5 empates y 4 derrotas, adem\u00e1s de uno d elos equipos m\u00e1s goleadores a domicilio, con 30 goles, aunque tendr\u00e1 en contra a un Burgos que es el equipo local menos goleado ya que solo ha encajado 11 goles en El Plant\u00edo. <\/p>\n\n\n\n<p>As\u00ed las cosas, la emoci\u00f3n est\u00e1 servida esta tarde de s\u00e1bado en El Plant\u00edo entre dos grandes equipos de la Segunda Divisi\u00f3n. <\/p>\n","protected":false},"excerpt":{"rendered":"<p>Partido de m\u00e1xima exigencia e inter\u00e9s en El Plant\u00edo este s\u00e1bado (18,30 h) ante el Deportivo de la Coru\u00f1a. El Plant\u00edo vivir\u00e1 este s\u00e1bado uno de los partidos m\u00e1s destacados de la temporada en la que se enfrentan dos rivales que buscan el objetivo del ascenso a Primera Divisi\u00f3n. El Burgos CF y el Deportivo [&hellip;]<\/p>\n","protected":false},"author":10,"featured_media":153930,"comment_status":"closed","ping_status":"closed","sticky":false,"template":"","format":"standard","meta":{"_monsterinsights_skip_tracking":false,"_monsterinsights_sitenote_active":false,"_monsterinsights_sitenote_note":"","_monsterinsights_sitenote_category":0,"footnotes":""},"categories":[4,8],"tags":[29,836],"class_list":{"0":"post-153929","1":"post","2":"type-post","3":"status-publish","4":"format-standard","5":"has-post-thumbnail","7":"category-futbol","8":"category-tipo-noticia","9":"tag-burgoscf","10":"tag-deportivodelacoruna"},"views":51,"_links":{"self":[{"href":"https:\/\/www.burgosdeporte.com\/index.php?rest_route=\/wp\/v2\/posts\/153929","targetHints":{"allow":["GET"]}}],"collection":[{"href":"https:\/\/www.burgosdeporte.com\/index.php?rest_route=\/wp\/v2\/posts"}],"about":[{"href":"https:\/\/www.burgosdeporte.com\/index.php?rest_route=\/wp\/v2\/types\/post"}],"author":[{"embeddable":true,"href":"https:\/\/www.burgosdeporte.com\/index.php?rest_route=\/wp\/v2\/users\/10"}],"replies":[{"embeddable":true,"href":"https:\/\/www.burgosdeporte.com\/index.php?rest_route=%2Fwp%2Fv2%2Fcomments&post=153929"}],"version-history":[{"count":1,"href":"https:\/\/www.burgosdeporte.com\/index.php?rest_route=\/wp\/v2\/posts\/153929\/revisions"}],"predecessor-version":[{"id":153931,"href":"https:\/\/www.burgosdeporte.com\/index.php?rest_route=\/wp\/v2\/posts\/153929\/revisions\/153931"}],"wp:featuredmedia":[{"embeddable":true,"href":"https:\/\/www.burgosdeporte.com\/index.php?rest_route=\/wp\/v2\/media\/153930"}],"wp:attachment":[{"href":"https:\/\/www.burgosdeporte.com\/index.php?rest_route=%2Fwp%2Fv2%2Fmedia&parent=153929"}],"wp:term":[{"taxonomy":"category","embeddable":true,"href":"https:\/\/www.burgosdeporte.com\/index.php?rest_route=%2Fwp%2Fv2%2Fcategories&post=153929"},{"taxonomy":"post_tag","embeddable":true,"href":"https:\/\/www.burgosdeporte.com\/index.php?rest_route=%2Fwp%2Fv2%2Ftags&post=153929"}],"curies":[{"name":"wp","href":"https:\/\/api.w.org\/{rel}","templated":true}]}}