{"id":153904,"date":"2026-04-24T17:03:02","date_gmt":"2026-04-24T15:03:02","guid":{"rendered":"https:\/\/www.burgosdeporte.com\/?p=153904"},"modified":"2026-04-26T00:04:35","modified_gmt":"2026-04-25T22:04:35","slug":"tres-frentes-competitivos-para-el-esgrima-cid-campeador","status":"publish","type":"post","link":"https:\/\/www.burgosdeporte.com\/?p=153904","title":{"rendered":"Tres frentes competitivos para el Esgrima Cid Campeador"},"content":{"rendered":"\n<p><strong><em>Los tiradores del club compiten en Sant Cugat, Valdemoro y C\u00e1ceres en el \u00faltimo torneo puntuable antes del Campeonato de Espa\u00f1a<\/em><\/strong><strong><em><\/em><\/strong><\/p>\n\n\n<div class=\"wp-block-image\">\n<figure class=\"aligncenter size-full\"><a href=\"https:\/\/felixrubio.es\/\" target=\"_blank\" rel=\" noreferrer noopener\"><img loading=\"lazy\" decoding=\"async\" width=\"300\" height=\"90\" src=\"https:\/\/www.burgosdeporte.com\/wp-content\/uploads\/2023\/10\/Felix_rubio_2.gif\" alt=\"\" class=\"wp-image-108903\"\/><\/a><\/figure>\n<\/div>\n\n\n<p>El Esgrima Cid Campeador encara uno de los fines de semana m\u00e1s exigentes de la temporada con presencia en tres frentes competitivos: el Torneo Nacional M15 de sable en Sant Cugat del Vall\u00e8s, el Torneo Nacional M15 de espada en Valdemoro y el torneo regional c\u00edvico-militar en C\u00e1ceres. Todas las citas adquieren especial relevancia al ser las \u00faltimas pruebas puntuables antes del Campeonato de Espa\u00f1a, tanto en categor\u00eda individual como por equipos.<\/p>\n\n\n\n<p><strong>Sable M15: lucha por consolidarse entre los mejores<\/strong><\/p>\n\n\n\n<p>En la competici\u00f3n de sable masculino, el equipo burgal\u00e9s presenta a cinco tiradores con el objetivo de mejorar su posici\u00f3n en el ranking nacional. Destaca Rub\u00e9n Aguilar (n.\u00ba 8), que llega tras encadenar dos finales de ocho y aspira a mantenerse en la \u00e9lite, con opciones reales de podio.<\/p>\n\n\n\n<p>Tambi\u00e9n buscar\u00e1 ese salto Nicol\u00e1s Escudero (n.\u00ba 21), que ha mostrado solvencia en las rondas previas, aunque todav\u00eda tiene pendiente trasladar ese rendimiento a los asaltos de eliminaci\u00f3n directa. Por su parte, Juan Chuz\u00f3n (n.\u00ba 48) afronta su primera temporada con el reto de seguir acumulando experiencia y acceder a los cuadros finales.<\/p>\n\n\n\n<p>Desde Roma se incorpora Gregorio Pellegatta (n.\u00ba 52), en su primer a\u00f1o en la categor\u00eda, que ya roz\u00f3 la final de ocho en su \u00faltima participaci\u00f3n y conf\u00eda en dar ese paso adelante. Completa el equipo Oliver Cheres, reciente incorporaci\u00f3n procedente del \u00e1mbito escolar, que competir\u00e1 sin ranking en apenas su segundo mes en la disciplina, decidido a aprovechar la experiencia.<\/p>\n\n\n\n<p>La cita ser\u00e1 especialmente significativa para todos ellos, ya que, salvo Gregorio, afrontan su \u00faltima temporada en M15 y defienden la plata por equipos lograda el pasado a\u00f1o.<\/p>\n\n\n\n<p><strong>Espada M15: Jimena Moral defiende el liderato<\/strong><\/p>\n\n\n\n<p>En la modalidad de espada femenina, la atenci\u00f3n se centra en Jimena Moral (n.\u00ba 2 del ranking nacional), que ya suma una plata y un bronce esta temporada y buscar\u00e1 mantener su posici\u00f3n de privilegio. La burgalesa, actual referente nacional, parte como rival a batir, obligada a competir sin margen de error ante la presi\u00f3n del resto de aspirantes.<\/p>\n\n\n\n<p>Junto a ella estar\u00e1 Elena de Prado (n.\u00ba 65), en su primer a\u00f1o en la categor\u00eda, con el objetivo de entrar en el top 16 y mejorar su posicionamiento de cara al campeonato nacional.<\/p>\n\n\n\n<p><strong>C\u00e1ceres: In\u00e9s Acedo apunta al podio absoluto<\/strong><\/p>\n\n\n\n<p>En paralelo, el torneo regional c\u00edvico-militar en C\u00e1ceres contar\u00e1 con la participaci\u00f3n de In\u00e9s Acedo Trabuco, que competir\u00e1 en categor\u00eda absoluta con la ambici\u00f3n de consolidarse como una de las mejores espadistas de su comunidad.<\/p>\n\n\n\n<p>Actualmente situada en el puesto 16 del ranking nacional absoluto, Acedo acumula experiencia y medallas en categor\u00edas inferiores (M20 y M17), y afronta la competici\u00f3n con el objetivo claro de subir al podio. Su evoluci\u00f3n deportiva, desde su llegada a Burgos, ha marcado un punto de inflexi\u00f3n en su trayectoria.<\/p>\n\n\n\n<p><strong>Un fin de semana decisivo<\/strong><\/p>\n\n\n\n<p>Con el Campeonato de Espa\u00f1a en el horizonte, este triple compromiso marcar\u00e1 el posicionamiento definitivo de los tiradores burgaleses en los cuadros de competici\u00f3n. Un fin de semana de m\u00e1xima exigencia en el que el club buscar\u00e1 seguir creciendo y confirmar su proyecci\u00f3n a nivel nacional.<\/p>\n","protected":false},"excerpt":{"rendered":"<p>Los tiradores del club compiten en Sant Cugat, Valdemoro y C\u00e1ceres en el \u00faltimo torneo puntuable antes del Campeonato de Espa\u00f1a El Esgrima Cid Campeador encara uno de los fines de semana m\u00e1s exigentes de la temporada con presencia en tres frentes competitivos: el Torneo Nacional M15 de sable en Sant Cugat del Vall\u00e8s, el [&hellip;]<\/p>\n","protected":false},"author":10,"featured_media":153906,"comment_status":"closed","ping_status":"closed","sticky":false,"template":"","format":"standard","meta":{"_monsterinsights_skip_tracking":false,"_monsterinsights_sitenote_active":false,"_monsterinsights_sitenote_note":"","_monsterinsights_sitenote_category":0,"footnotes":""},"categories":[53,15],"tags":[1553,54,87],"class_list":{"0":"post-153904","1":"post","2":"type-post","3":"status-publish","4":"format-standard","5":"has-post-thumbnail","7":"category-esgrima","8":"category-otros","9":"tag-actualidad-2","10":"tag-esgrima","11":"tag-esgrimacid"},"views":32,"_links":{"self":[{"href":"https:\/\/www.burgosdeporte.com\/index.php?rest_route=\/wp\/v2\/posts\/153904","targetHints":{"allow":["GET"]}}],"collection":[{"href":"https:\/\/www.burgosdeporte.com\/index.php?rest_route=\/wp\/v2\/posts"}],"about":[{"href":"https:\/\/www.burgosdeporte.com\/index.php?rest_route=\/wp\/v2\/types\/post"}],"author":[{"embeddable":true,"href":"https:\/\/www.burgosdeporte.com\/index.php?rest_route=\/wp\/v2\/users\/10"}],"replies":[{"embeddable":true,"href":"https:\/\/www.burgosdeporte.com\/index.php?rest_route=%2Fwp%2Fv2%2Fcomments&post=153904"}],"version-history":[{"count":1,"href":"https:\/\/www.burgosdeporte.com\/index.php?rest_route=\/wp\/v2\/posts\/153904\/revisions"}],"predecessor-version":[{"id":153908,"href":"https:\/\/www.burgosdeporte.com\/index.php?rest_route=\/wp\/v2\/posts\/153904\/revisions\/153908"}],"wp:featuredmedia":[{"embeddable":true,"href":"https:\/\/www.burgosdeporte.com\/index.php?rest_route=\/wp\/v2\/media\/153906"}],"wp:attachment":[{"href":"https:\/\/www.burgosdeporte.com\/index.php?rest_route=%2Fwp%2Fv2%2Fmedia&parent=153904"}],"wp:term":[{"taxonomy":"category","embeddable":true,"href":"https:\/\/www.burgosdeporte.com\/index.php?rest_route=%2Fwp%2Fv2%2Fcategories&post=153904"},{"taxonomy":"post_tag","embeddable":true,"href":"https:\/\/www.burgosdeporte.com\/index.php?rest_route=%2Fwp%2Fv2%2Ftags&post=153904"}],"curies":[{"name":"wp","href":"https:\/\/api.w.org\/{rel}","templated":true}]}}