{"id":153898,"date":"2026-04-24T16:59:09","date_gmt":"2026-04-24T14:59:09","guid":{"rendered":"https:\/\/www.burgosdeporte.com\/?p=153898"},"modified":"2026-04-24T17:27:55","modified_gmt":"2026-04-24T15:27:55","slug":"positiva-participacion-del-ciudad-deportiva-de-burgos-en-palencia","status":"publish","type":"post","link":"https:\/\/www.burgosdeporte.com\/?p=153898","title":{"rendered":"Positiva participaci\u00f3n del Ciudad Deportiva de Burgos en Palencia"},"content":{"rendered":"\n<p><strong><em>El conjunto burgal\u00e9s firma una destacada actuaci\u00f3n en la 2\u00aa fase con un amplio medallero y consolida su crecimiento competitivo de cara a la final auton\u00f3mica<\/em><\/strong><\/p>\n\n\n<div class=\"wp-block-image\">\n<figure class=\"aligncenter size-full is-resized\"><a href=\"https:\/\/elpollitopio.es\/\" target=\"_blank\" rel=\" noreferrer noopener\"><img loading=\"lazy\" decoding=\"async\" width=\"1024\" height=\"307\" src=\"https:\/\/www.burgosdeporte.com\/wp-content\/uploads\/2025\/10\/image-1.png\" alt=\"\" class=\"wp-image-145683\" style=\"aspect-ratio:3.3354776128676797;width:330px;height:auto\" srcset=\"https:\/\/www.burgosdeporte.com\/wp-content\/uploads\/2025\/10\/image-1.png 1024w, https:\/\/www.burgosdeporte.com\/wp-content\/uploads\/2025\/10\/image-1-300x90.png 300w, https:\/\/www.burgosdeporte.com\/wp-content\/uploads\/2025\/10\/image-1-768x230.png 768w, https:\/\/www.burgosdeporte.com\/wp-content\/uploads\/2025\/10\/image-1-150x45.png 150w, https:\/\/www.burgosdeporte.com\/wp-content\/uploads\/2025\/10\/image-1-696x209.png 696w\" sizes=\"auto, (max-width: 1024px) 100vw, 1024px\" \/><\/a><\/figure>\n<\/div>\n\n\n<p>El Club Ciudad Deportiva de Burgos volvi\u00f3 a demostrar su solidez en la 2\u00aa Fase de la Liga de Gimnasia Art\u00edstica de Castilla y Le\u00f3n, celebrada en Palencia, donde logr\u00f3 un balance sobresaliente con 43 medallas individuales, 22 por equipos y cuatro trofeos, en una jornada marcada por la alta exigencia y la igualdad entre participantes.<\/p>\n\n\n\n<p>La expedici\u00f3n burgalesa, una de las m\u00e1s numerosas del campeonato con cerca de un centenar de gimnastas, confirm\u00f3 su buen momento competitivo tanto a nivel colectivo como individual. Bajo la direcci\u00f3n t\u00e9cnica de Mar\u00eda Pilar Sancho Garc\u00eda y Jos\u00e9 Luis S\u00e1nchez Santamar\u00eda, el equipo evidenci\u00f3 regularidad, capacidad de adaptaci\u00f3n y una progresi\u00f3n constante respecto a temporadas anteriores.<\/p>\n\n\n\n<p>En el apartado individual, destacaron especialmente varias gimnastas que subieron al podio en diferentes categor\u00edas y aparatos, mostrando un alto nivel t\u00e9cnico, especialmente en suelo y barra de equilibrios.<\/p>\n\n\n\n<p><strong>Principales resultados individuales<\/strong><\/p>\n\n\n\n<p>Entre los resultados m\u00e1s destacados de la competici\u00f3n:<\/p>\n\n\n\n<ul class=\"wp-block-list\">\n<li>Indira Ayuso V\u00e9lez, oro en suelo y bronce en barra (Base 1)<\/li>\n\n\n\n<li>Naiara Ba\u00f1os Ba\u00f1os, doble bronce en barra y suelo (Base 2)<\/li>\n\n\n\n<li>Clara V\u00e1zquez Mogoll\u00f3n, plata en barra (Base 3)<\/li>\n\n\n\n<li>Mara \u00c1lvarez R\u00edo, oro en suelo (Base 3)<\/li>\n\n\n\n<li>Sandra Terreros Garc\u00eda, plata en barra (Base 5)<\/li>\n\n\n\n<li>Elia P\u00e1ramo Aguilar, doble oro en barra y suelo (Base 8)<\/li>\n\n\n\n<li>Daniela L\u00f3pez Rodr\u00edguez, oro en barra y plata en suelo (Base 10)<\/li>\n\n\n\n<li>Valeria Prieto Hern\u00e1n, oro en suelo (Base 10)<\/li>\n\n\n\n<li>Siena Cerce\u00f1o Galindo, plata en suelo y bronce en barra (Prebenjam\u00edn A)<\/li>\n\n\n\n<li>Valeria Rojo Carpintero, oro en suelo (Infantil A)<\/li>\n\n\n\n<li>Natalia Palomero Hern\u00e1ndez, doble oro en barra y suelo (Open A)<\/li>\n\n\n\n<li>Vega Andr\u00e9s Porras, oro en barra (Prebenjam\u00edn B)<\/li>\n\n\n\n<li>Elena Mart\u00edn Marcos, plata en suelo y bronce en barra (Benjam\u00edn B)<\/li>\n\n\n\n<li>Greta Le\u00f3n Ayesta, oro en barra y bronce en suelo (Alev\u00edn B)<\/li>\n\n\n\n<li>Sof\u00eda Barrio Antol\u00edn, doble plata en barra y suelo (Infantil B)<\/li>\n\n\n\n<li>Danna Antonella Ceballos Aldas, plata en suelo y bronce en barra (Open B)<\/li>\n\n\n\n<li>Aitana Ar\u00e9valo S\u00e1enz de Cabez\u00f3n, plata en barra (Open B)<\/li>\n<\/ul>\n\n\n\n<p><strong>\u00c9xitos por equipos<\/strong><\/p>\n\n\n\n<p>En la competici\u00f3n por conjuntos, el club tambi\u00e9n obtuvo resultados relevantes:<\/p>\n\n\n\n<ul class=\"wp-block-list\">\n<li>Oro en barra (1\u00aa Divisi\u00f3n)<\/li>\n\n\n\n<li>Bronce en suelo (1\u00aa Divisi\u00f3n)<\/li>\n\n\n\n<li>Oro en barra (2\u00aa Divisi\u00f3n)<\/li>\n\n\n\n<li>Bronce en barra (2\u00aa Divisi\u00f3n)<\/li>\n<\/ul>\n\n\n\n<p>Estos resultados refuerzan el potencial colectivo del club, que contin\u00faa consolid\u00e1ndose como uno de los referentes de la gimnasia art\u00edstica en Castilla y Le\u00f3n.<\/p>\n\n\n\n<p><strong>Mirando a la final<\/strong><\/p>\n\n\n\n<p>M\u00e1s all\u00e1 del medallero, la actuaci\u00f3n en Palencia deja sensaciones muy positivas para el Ciudad Deportiva de Burgos, que mantiene una l\u00ednea ascendente tras los \u00e9xitos logrados la pasada temporada a nivel nacional.<\/p>\n\n\n\n<p>El conjunto burgal\u00e9s ya centra su atenci\u00f3n en la pr\u00f3xima gran cita del calendario: la final de la Liga auton\u00f3mica y el Campeonato de Castilla y Le\u00f3n, donde buscar\u00e1 cerrar la temporada confirmando su crecimiento y aspirando a los primeros puestos.<\/p>\n","protected":false},"excerpt":{"rendered":"<p>El conjunto burgal\u00e9s firma una destacada actuaci\u00f3n en la 2\u00aa fase con un amplio medallero y consolida su crecimiento competitivo de cara a la final auton\u00f3mica El Club Ciudad Deportiva de Burgos volvi\u00f3 a demostrar su solidez en la 2\u00aa Fase de la Liga de Gimnasia Art\u00edstica de Castilla y Le\u00f3n, celebrada en Palencia, donde [&hellip;]<\/p>\n","protected":false},"author":10,"featured_media":153901,"comment_status":"closed","ping_status":"closed","sticky":false,"template":"","format":"standard","meta":{"_monsterinsights_skip_tracking":false,"_monsterinsights_sitenote_active":false,"_monsterinsights_sitenote_note":"","_monsterinsights_sitenote_category":0,"footnotes":""},"categories":[191,15],"tags":[1553,289,192],"class_list":{"0":"post-153898","1":"post","2":"type-post","3":"status-publish","4":"format-standard","5":"has-post-thumbnail","7":"category-gimnasia","8":"category-otros","9":"tag-actualidad-2","10":"tag-clubciudaddeportivadeburgos","11":"tag-gimnasia"},"views":77,"_links":{"self":[{"href":"https:\/\/www.burgosdeporte.com\/index.php?rest_route=\/wp\/v2\/posts\/153898","targetHints":{"allow":["GET"]}}],"collection":[{"href":"https:\/\/www.burgosdeporte.com\/index.php?rest_route=\/wp\/v2\/posts"}],"about":[{"href":"https:\/\/www.burgosdeporte.com\/index.php?rest_route=\/wp\/v2\/types\/post"}],"author":[{"embeddable":true,"href":"https:\/\/www.burgosdeporte.com\/index.php?rest_route=\/wp\/v2\/users\/10"}],"replies":[{"embeddable":true,"href":"https:\/\/www.burgosdeporte.com\/index.php?rest_route=%2Fwp%2Fv2%2Fcomments&post=153898"}],"version-history":[{"count":1,"href":"https:\/\/www.burgosdeporte.com\/index.php?rest_route=\/wp\/v2\/posts\/153898\/revisions"}],"predecessor-version":[{"id":153903,"href":"https:\/\/www.burgosdeporte.com\/index.php?rest_route=\/wp\/v2\/posts\/153898\/revisions\/153903"}],"wp:featuredmedia":[{"embeddable":true,"href":"https:\/\/www.burgosdeporte.com\/index.php?rest_route=\/wp\/v2\/media\/153901"}],"wp:attachment":[{"href":"https:\/\/www.burgosdeporte.com\/index.php?rest_route=%2Fwp%2Fv2%2Fmedia&parent=153898"}],"wp:term":[{"taxonomy":"category","embeddable":true,"href":"https:\/\/www.burgosdeporte.com\/index.php?rest_route=%2Fwp%2Fv2%2Fcategories&post=153898"},{"taxonomy":"post_tag","embeddable":true,"href":"https:\/\/www.burgosdeporte.com\/index.php?rest_route=%2Fwp%2Fv2%2Ftags&post=153898"}],"curies":[{"name":"wp","href":"https:\/\/api.w.org\/{rel}","templated":true}]}}